{"id":11424,"date":"2024-11-21T16:21:07","date_gmt":"2024-11-21T19:21:07","guid":{"rendered":"https:\/\/prefeitura.santarosa.rs.gov.br\/?p=11424"},"modified":"2024-11-21T16:21:09","modified_gmt":"2024-11-21T19:21:09","slug":"prefeitura-conclui-obra-de-asfalto-na-vila-nova","status":"publish","type":"post","link":"https:\/\/prefeitura.santarosa.rs.gov.br\/?p=11424","title":{"rendered":"<strong>Prefeitura conclui obra de asfalto na Vila Nova<\/strong>"},"content":{"rendered":"\n<figure class=\"wp-block-image size-full\"><img fetchpriority=\"high\" decoding=\"async\" width=\"860\" height=\"645\" src=\"https:\/\/prefeitura.santarosa.rs.gov.br\/wp-content\/uploads\/2024\/11\/Formato-Site-e-Portal-860X645-JPG-1-2.jpg\" alt=\"\" class=\"wp-image-11425\" srcset=\"https:\/\/prefeitura.santarosa.rs.gov.br\/wp-content\/uploads\/2024\/11\/Formato-Site-e-Portal-860X645-JPG-1-2.jpg 860w, https:\/\/prefeitura.santarosa.rs.gov.br\/wp-content\/uploads\/2024\/11\/Formato-Site-e-Portal-860X645-JPG-1-2-300x225.jpg 300w, https:\/\/prefeitura.santarosa.rs.gov.br\/wp-content\/uploads\/2024\/11\/Formato-Site-e-Portal-860X645-JPG-1-2-768x576.jpg 768w\" sizes=\"(max-width: 860px) 100vw, 860px\" \/><\/figure>\n\n\n\n<p>A Prefeitura de Santa Rosa realizou melhorias na infraestrutura da Vila Nova. Ap\u00f3s obras de esgotamento sanit\u00e1rio e drenagem pluvial, as equipes conclu\u00edram a pavimenta\u00e7\u00e3o asf\u00e1ltica da Travessa Medeiros, no bairro Sulina. O projeto contou com 250 metros lineares, no trecho entre a Avenida Borges de Medeiros e a Rua Caminho Leste. Ao todo, foram investidos R$ 300 mil de recursos pr\u00f3prios do munic\u00edpio.<\/p>\n\n\n\n<p>Os servi\u00e7os inclu\u00edram sarjetas de concreto, rampas de acessibilidade e a sinaliza\u00e7\u00e3o, que est\u00e1 sendo finalizada no local. O prefeito Anderson Mantei destacou a a\u00e7\u00e3o, &#8220;A Vila Nova, assim como todo o bairro Sulina, est\u00e1 recebendo diversas melhorias. Desde 2021, j\u00e1 investimos R$ 8,8 milh\u00f5es em melhorias na Sulina e foram pavimentados 7 km&#8221;.<\/p>\n\n\n\n<p>Al\u00e9m da Travessa Medeiros, novos trechos na Rua Caminho Leste e na Rua Tupanciret\u00e3, at\u00e9 a Rua Crist\u00f3v\u00e3o Leopoldo Meinerz, tamb\u00e9m v\u00e3o receber obras nos pr\u00f3ximos dias, ampliando as melhorias no bairro Sulina.<\/p>\n","protected":false},"excerpt":{"rendered":"<p>A Prefeitura de Santa Rosa realizou melhorias na infraestrutura da Vila Nova. Ap\u00f3s obras de esgotamento sanit\u00e1rio e drenagem pluvial,<\/p>\n","protected":false},"author":6,"featured_media":11426,"comment_status":"closed","ping_status":"closed","sticky":false,"template":"","format":"standard","meta":{"footnotes":""},"categories":[4,22],"tags":[],"class_list":["post-11424","post","type-post","status-publish","format-standard","has-post-thumbnail","hentry","category-noticias","category-secretaria-municipal-de-planejamento-e-habitacao"],"aioseo_notices":[],"_links":{"self":[{"href":"https:\/\/prefeitura.santarosa.rs.gov.br\/index.php?rest_route=\/wp\/v2\/posts\/11424","targetHints":{"allow":["GET"]}}],"collection":[{"href":"https:\/\/prefeitura.santarosa.rs.gov.br\/index.php?rest_route=\/wp\/v2\/posts"}],"about":[{"href":"https:\/\/prefeitura.santarosa.rs.gov.br\/index.php?rest_route=\/wp\/v2\/types\/post"}],"author":[{"embeddable":true,"href":"https:\/\/prefeitura.santarosa.rs.gov.br\/index.php?rest_route=\/wp\/v2\/users\/6"}],"replies":[{"embeddable":true,"href":"https:\/\/prefeitura.santarosa.rs.gov.br\/index.php?rest_route=%2Fwp%2Fv2%2Fcomments&post=11424"}],"version-history":[{"count":1,"href":"https:\/\/prefeitura.santarosa.rs.gov.br\/index.php?rest_route=\/wp\/v2\/posts\/11424\/revisions"}],"predecessor-version":[{"id":11427,"href":"https:\/\/prefeitura.santarosa.rs.gov.br\/index.php?rest_route=\/wp\/v2\/posts\/11424\/revisions\/11427"}],"wp:featuredmedia":[{"embeddable":true,"href":"https:\/\/prefeitura.santarosa.rs.gov.br\/index.php?rest_route=\/wp\/v2\/media\/11426"}],"wp:attachment":[{"href":"https:\/\/prefeitura.santarosa.rs.gov.br\/index.php?rest_route=%2Fwp%2Fv2%2Fmedia&parent=11424"}],"wp:term":[{"taxonomy":"category","embeddable":true,"href":"https:\/\/prefeitura.santarosa.rs.gov.br\/index.php?rest_route=%2Fwp%2Fv2%2Fcategories&post=11424"},{"taxonomy":"post_tag","embeddable":true,"href":"https:\/\/prefeitura.santarosa.rs.gov.br\/index.php?rest_route=%2Fwp%2Fv2%2Ftags&post=11424"}],"curies":[{"name":"wp","href":"https:\/\/api.w.org\/{rel}","templated":true}]}}