{"id":11420,"date":"2024-11-21T15:50:56","date_gmt":"2024-11-21T18:50:56","guid":{"rendered":"https:\/\/prefeitura.santarosa.rs.gov.br\/?p=11420"},"modified":"2024-11-21T15:50:57","modified_gmt":"2024-11-21T18:50:57","slug":"missao-asia-vice-prefeito-de-santa-rosa-realiza-agendas-no-japao-com-foco-em-parcerias-estrategicas","status":"publish","type":"post","link":"https:\/\/prefeitura.santarosa.rs.gov.br\/?p=11420","title":{"rendered":"<strong>Miss\u00e3o \u00c1sia: Vice-prefeito de Santa Rosa realiza agendas no Jap\u00e3o com foco em parcerias estrat\u00e9gicas<\/strong>"},"content":{"rendered":"\n<figure class=\"wp-block-image size-full\"><img fetchpriority=\"high\" decoding=\"async\" width=\"860\" height=\"645\" src=\"https:\/\/prefeitura.santarosa.rs.gov.br\/wp-content\/uploads\/2024\/11\/Formato-Site-e-Portal-860X645-JPG-9.jpg\" alt=\"\" class=\"wp-image-11421\" srcset=\"https:\/\/prefeitura.santarosa.rs.gov.br\/wp-content\/uploads\/2024\/11\/Formato-Site-e-Portal-860X645-JPG-9.jpg 860w, https:\/\/prefeitura.santarosa.rs.gov.br\/wp-content\/uploads\/2024\/11\/Formato-Site-e-Portal-860X645-JPG-9-300x225.jpg 300w, https:\/\/prefeitura.santarosa.rs.gov.br\/wp-content\/uploads\/2024\/11\/Formato-Site-e-Portal-860X645-JPG-9-768x576.jpg 768w\" sizes=\"(max-width: 860px) 100vw, 860px\" \/><\/figure>\n\n\n\n<p>O vice-prefeito de Santa Rosa, Aldemir Ulrich, continua sua miss\u00e3o na \u00c1sia, agora em T\u00f3quio, Jap\u00e3o, como parte da comitiva do Governo do Rio Grande do Sul. Ap\u00f3s uma etapa produtiva em Dubai, a agenda no Jap\u00e3o tem como objetivo estreitar la\u00e7os comerciais e explorar novas oportunidades de coopera\u00e7\u00e3o.<\/p>\n\n\n\n<p>Entre os compromissos, Ulrich participou de uma reuni\u00e3o na Embaixada do Brasil em T\u00f3quio, onde foi recebido pelo embaixador Octavio Henrique Dias Garcia C\u00f4rtes e pelo ministro consular Thiago P\u00e1dua. Durante o encontro, foram apresentadas as rela\u00e7\u00f5es comerciais entre Brasil e Jap\u00e3o, com destaque para oportunidades de investimento e coopera\u00e7\u00e3o entre os pa\u00edses. Em uma agenda individual com o embaixador, Aldemir destacou o potencial da cadeia su\u00edna da regi\u00e3o de Santa Rosa e discutiu a possibilidade de futuras parcerias para alavancar o setor, com a perspectiva de um novo encontro para aprofundar o tema.<\/p>\n\n\n\n<p>Ainda em T\u00f3quio, o vice-prefeito esteve na Shinzen Energy Group, uma empresa especializada na produ\u00e7\u00e3o de energia limpa, que j\u00e1 desenvolve projetos no sul do Rio Grande do Sul. Durante a visita, foi assinado um memorando de entendimento entre a comitiva e a empresa, marcando um passo importante para a colabora\u00e7\u00e3o na \u00e1rea de energia renov\u00e1vel. Ulrich tamb\u00e9m dialogou diretamente com o chefe de opera\u00e7\u00f5es da Shinzen, Sr. Ryo Ogawa, e com a funcion\u00e1ria brasileira da empresa, Sra. Edisiane Correa, que atua junto ao governo japon\u00eas. O vice-prefeito apresentou as possibilidades de gera\u00e7\u00e3o de energia e fertilizantes a partir de biodigestores, derivados da cadeia produtiva de su\u00ednos na regi\u00e3o de Santa Rosa. O interesse m\u00fatuo resultou no compromisso de agendar novos encontros para avan\u00e7ar no desenvolvimento dessas iniciativas, \u201cA experi\u00eancia em T\u00f3quio tem sido extremamente promissora, especialmente com o interesse demonstrado pelas empresas japonesas em nossos potenciais regionais. A assinatura do memorando com a Shinzen Energy Group e os di\u00e1logos na embaixada refor\u00e7am o prop\u00f3sito de atrair investimentos para Santa Rosa e impulsionar a sustentabilidade econ\u00f4mica e ambiental da nossa regi\u00e3o\u201d, destacou o vice-prefeito.<\/p>\n\n\n\n<p>A comitiva segue com compromissos estrat\u00e9gicos no Jap\u00e3o, incluindo visitas \u00e0 institui\u00e7\u00f5es governamentais, al\u00e9m de encontros com empresas de destaque em \u00e1reas como inova\u00e7\u00e3o e preven\u00e7\u00e3o de desastres naturais.<\/p>\n","protected":false},"excerpt":{"rendered":"<p>O vice-prefeito de Santa Rosa, Aldemir Ulrich, continua sua miss\u00e3o na \u00c1sia, agora em T\u00f3quio, Jap\u00e3o, como parte da comitiva<\/p>\n","protected":false},"author":6,"featured_media":11422,"comment_status":"closed","ping_status":"closed","sticky":false,"template":"","format":"standard","meta":{"footnotes":""},"categories":[4,9],"tags":[],"class_list":["post-11420","post","type-post","status-publish","format-standard","has-post-thumbnail","hentry","category-noticias","category-gabinete-do-vice-prefeito"],"aioseo_notices":[],"_links":{"self":[{"href":"https:\/\/prefeitura.santarosa.rs.gov.br\/index.php?rest_route=\/wp\/v2\/posts\/11420","targetHints":{"allow":["GET"]}}],"collection":[{"href":"https:\/\/prefeitura.santarosa.rs.gov.br\/index.php?rest_route=\/wp\/v2\/posts"}],"about":[{"href":"https:\/\/prefeitura.santarosa.rs.gov.br\/index.php?rest_route=\/wp\/v2\/types\/post"}],"author":[{"embeddable":true,"href":"https:\/\/prefeitura.santarosa.rs.gov.br\/index.php?rest_route=\/wp\/v2\/users\/6"}],"replies":[{"embeddable":true,"href":"https:\/\/prefeitura.santarosa.rs.gov.br\/index.php?rest_route=%2Fwp%2Fv2%2Fcomments&post=11420"}],"version-history":[{"count":1,"href":"https:\/\/prefeitura.santarosa.rs.gov.br\/index.php?rest_route=\/wp\/v2\/posts\/11420\/revisions"}],"predecessor-version":[{"id":11423,"href":"https:\/\/prefeitura.santarosa.rs.gov.br\/index.php?rest_route=\/wp\/v2\/posts\/11420\/revisions\/11423"}],"wp:featuredmedia":[{"embeddable":true,"href":"https:\/\/prefeitura.santarosa.rs.gov.br\/index.php?rest_route=\/wp\/v2\/media\/11422"}],"wp:attachment":[{"href":"https:\/\/prefeitura.santarosa.rs.gov.br\/index.php?rest_route=%2Fwp%2Fv2%2Fmedia&parent=11420"}],"wp:term":[{"taxonomy":"category","embeddable":true,"href":"https:\/\/prefeitura.santarosa.rs.gov.br\/index.php?rest_route=%2Fwp%2Fv2%2Fcategories&post=11420"},{"taxonomy":"post_tag","embeddable":true,"href":"https:\/\/prefeitura.santarosa.rs.gov.br\/index.php?rest_route=%2Fwp%2Fv2%2Ftags&post=11420"}],"curies":[{"name":"wp","href":"https:\/\/api.w.org\/{rel}","templated":true}]}}