{"id":11409,"date":"2024-11-21T10:03:44","date_gmt":"2024-11-21T13:03:44","guid":{"rendered":"https:\/\/prefeitura.santarosa.rs.gov.br\/?p=11409"},"modified":"2024-11-21T10:03:46","modified_gmt":"2024-11-21T13:03:46","slug":"prefeito-transfere-gabinete-para-o-parque-de-exposicoes","status":"publish","type":"post","link":"https:\/\/prefeitura.santarosa.rs.gov.br\/?p=11409","title":{"rendered":"<strong>Prefeito transfere gabinete para o Parque de Exposi\u00e7\u00f5es<\/strong>"},"content":{"rendered":"\n<figure class=\"wp-block-image size-full\"><img fetchpriority=\"high\" decoding=\"async\" width=\"860\" height=\"645\" src=\"https:\/\/prefeitura.santarosa.rs.gov.br\/wp-content\/uploads\/2024\/11\/Formato-Site-e-Portal-860X645-JPG-2024-11-21T100205.001.jpg\" alt=\"\" class=\"wp-image-11410\" srcset=\"https:\/\/prefeitura.santarosa.rs.gov.br\/wp-content\/uploads\/2024\/11\/Formato-Site-e-Portal-860X645-JPG-2024-11-21T100205.001.jpg 860w, https:\/\/prefeitura.santarosa.rs.gov.br\/wp-content\/uploads\/2024\/11\/Formato-Site-e-Portal-860X645-JPG-2024-11-21T100205.001-300x225.jpg 300w, https:\/\/prefeitura.santarosa.rs.gov.br\/wp-content\/uploads\/2024\/11\/Formato-Site-e-Portal-860X645-JPG-2024-11-21T100205.001-768x576.jpg 768w\" sizes=\"(max-width: 860px) 100vw, 860px\" \/><\/figure>\n\n\n\n<p>Nesta quinta-feira (21), o prefeito de Santa Rosa, Anderson Mantei, iniciou o expediente no Parque de Exposi\u00e7\u00f5es Alfredo Leandro Carlson. O gabinete foi transferido para o local onde vai acontecer a Fenasoja 2024, e ficar\u00e1 l\u00e1 at\u00e9 o dia 08 de dezembro, data do encerramento do evento. Durante os 10 dias de feira, Anderson vai despachar documentos e atender compromissos diretamente do parque.<\/p>\n\n\n\n<p>A primeira agenda do dia foi com a presidente da Indum\u00f3veis 2025, arquiteta Luciana Locatelli, e Vanderli de Barros, integrante da comiss\u00e3o organizadora do evento. A inten\u00e7\u00e3o do encontro foi definir a\u00e7\u00f5es estrat\u00e9gicas e trocar ideias sobre novidades para a pr\u00f3xima edi\u00e7\u00e3o da feira. A 9\u00aa edi\u00e7\u00e3o da Indum\u00f3veis est\u00e1 programada para ocorrer de 16 a 25 de maio de 2025.<\/p>\n","protected":false},"excerpt":{"rendered":"<p>Nesta quinta-feira (21), o prefeito de Santa Rosa, Anderson Mantei, iniciou o expediente no Parque de Exposi\u00e7\u00f5es Alfredo Leandro Carlson.<\/p>\n","protected":false},"author":6,"featured_media":11411,"comment_status":"closed","ping_status":"closed","sticky":false,"template":"","format":"standard","meta":{"footnotes":""},"categories":[4,3],"tags":[],"class_list":["post-11409","post","type-post","status-publish","format-standard","has-post-thumbnail","hentry","category-noticias","category-gabinete-do-prefeito"],"aioseo_notices":[],"_links":{"self":[{"href":"https:\/\/prefeitura.santarosa.rs.gov.br\/index.php?rest_route=\/wp\/v2\/posts\/11409","targetHints":{"allow":["GET"]}}],"collection":[{"href":"https:\/\/prefeitura.santarosa.rs.gov.br\/index.php?rest_route=\/wp\/v2\/posts"}],"about":[{"href":"https:\/\/prefeitura.santarosa.rs.gov.br\/index.php?rest_route=\/wp\/v2\/types\/post"}],"author":[{"embeddable":true,"href":"https:\/\/prefeitura.santarosa.rs.gov.br\/index.php?rest_route=\/wp\/v2\/users\/6"}],"replies":[{"embeddable":true,"href":"https:\/\/prefeitura.santarosa.rs.gov.br\/index.php?rest_route=%2Fwp%2Fv2%2Fcomments&post=11409"}],"version-history":[{"count":1,"href":"https:\/\/prefeitura.santarosa.rs.gov.br\/index.php?rest_route=\/wp\/v2\/posts\/11409\/revisions"}],"predecessor-version":[{"id":11412,"href":"https:\/\/prefeitura.santarosa.rs.gov.br\/index.php?rest_route=\/wp\/v2\/posts\/11409\/revisions\/11412"}],"wp:featuredmedia":[{"embeddable":true,"href":"https:\/\/prefeitura.santarosa.rs.gov.br\/index.php?rest_route=\/wp\/v2\/media\/11411"}],"wp:attachment":[{"href":"https:\/\/prefeitura.santarosa.rs.gov.br\/index.php?rest_route=%2Fwp%2Fv2%2Fmedia&parent=11409"}],"wp:term":[{"taxonomy":"category","embeddable":true,"href":"https:\/\/prefeitura.santarosa.rs.gov.br\/index.php?rest_route=%2Fwp%2Fv2%2Fcategories&post=11409"},{"taxonomy":"post_tag","embeddable":true,"href":"https:\/\/prefeitura.santarosa.rs.gov.br\/index.php?rest_route=%2Fwp%2Fv2%2Ftags&post=11409"}],"curies":[{"name":"wp","href":"https:\/\/api.w.org\/{rel}","templated":true}]}}