{"id":114,"date":"2021-11-04T11:00:00","date_gmt":"2021-11-04T14:00:00","guid":{"rendered":"https:\/\/prefeitura.santarosa.rs.gov.br\/?p=114"},"modified":"2024-10-07T09:54:42","modified_gmt":"2024-10-07T12:54:42","slug":"arvore-lunar-em-joao-pessoa","status":"publish","type":"post","link":"https:\/\/prefeitura.santarosa.rs.gov.br\/?p=114","title":{"rendered":"\u00c1rvore Lunar em Jo\u00e3o Pessoa"},"content":{"rendered":"\n<p>O presidente da Sociedade Brasileira de Arboriza\u00e7\u00e3o Urbana SBAU entregou a \u00e1rvore lunar que recebeu em Santa Rosa, para o prefeito de Jo\u00e3o Pessoa nesta quarta-feira(03).<\/p>\n\n\n\n<p>A Para\u00edba vai ter uma \u00e1rvore lunar de Santa Rosa. A capital do estado \u00e9 signat\u00e1ria do Pacto Global dos Prefeitos pelo Clima e Energia, e investe muito em a\u00e7\u00f5es voltadas para o meio ambiente. O presidente da Sociedade Brasileira de Arboriza\u00e7\u00e3o Urbana SBAU entregou a \u00e1rvore lunar que recebeu em Santa Rosa, para o prefeito de Jo\u00e3o Pessoa nesta quarta-feira(03).<\/p>\n\n\n\n<p>A tradi\u00e7\u00e3o da \u00c1rvore Lunar j\u00e1 toma novos horizontes. O Prefeito Anderson Mantei e o senhor Nilson Guidolin, Presidente de Honra da Fenasoja entregaram uma muda durante o Encontro Estadual de Arboriza\u00e7\u00e3o realizado. O evento aconteceu em Santa Rosa no m\u00eas de outubro. A \u00e1rvore foi levada pelo Presidente da SBAU S\u00e9rgio Chaves que presenteou o prefeito de Jo\u00e3o Pessoa, C\u00edcero Lucena e o Secret\u00e1rio de meio Ambiente Welison Silveira Ara\u00fajo com a muda.<\/p>\n\n\n\n<p>Ap\u00f3s a cerim\u00f4nia de entrega, realizada nesta quarta na Para\u00edba, O Prefeito de Jo\u00e3o Pessoa entrou em contato com o Prefeito Anderson e agradeceu o presente, \u201cEstamos muito felizes de receber a muda e pode ter certeza que ela ser\u00e1 plantada em um lugar muito especial de nossa cidade\u201d. O Prefeito Anderson Mantei destacou a hist\u00f3ria da \u00c1rvore Lunar e convidou o prefeito C\u00edcero Lucena para conhecer Santa Rosa.<\/p>\n","protected":false},"excerpt":{"rendered":"<p>O presidente da Sociedade Brasileira de Arboriza\u00e7\u00e3o Urbana SBAU entregou a \u00e1rvore lunar que recebeu em Santa Rosa, para o<\/p>\n","protected":false},"author":3,"featured_media":115,"comment_status":"open","ping_status":"open","sticky":false,"template":"","format":"standard","meta":{"footnotes":""},"categories":[4,3],"tags":[],"class_list":["post-114","post","type-post","status-publish","format-standard","has-post-thumbnail","hentry","category-noticias","category-gabinete-do-prefeito"],"aioseo_notices":[],"_links":{"self":[{"href":"https:\/\/prefeitura.santarosa.rs.gov.br\/index.php?rest_route=\/wp\/v2\/posts\/114","targetHints":{"allow":["GET"]}}],"collection":[{"href":"https:\/\/prefeitura.santarosa.rs.gov.br\/index.php?rest_route=\/wp\/v2\/posts"}],"about":[{"href":"https:\/\/prefeitura.santarosa.rs.gov.br\/index.php?rest_route=\/wp\/v2\/types\/post"}],"author":[{"embeddable":true,"href":"https:\/\/prefeitura.santarosa.rs.gov.br\/index.php?rest_route=\/wp\/v2\/users\/3"}],"replies":[{"embeddable":true,"href":"https:\/\/prefeitura.santarosa.rs.gov.br\/index.php?rest_route=%2Fwp%2Fv2%2Fcomments&post=114"}],"version-history":[{"count":1,"href":"https:\/\/prefeitura.santarosa.rs.gov.br\/index.php?rest_route=\/wp\/v2\/posts\/114\/revisions"}],"predecessor-version":[{"id":116,"href":"https:\/\/prefeitura.santarosa.rs.gov.br\/index.php?rest_route=\/wp\/v2\/posts\/114\/revisions\/116"}],"wp:featuredmedia":[{"embeddable":true,"href":"https:\/\/prefeitura.santarosa.rs.gov.br\/index.php?rest_route=\/wp\/v2\/media\/115"}],"wp:attachment":[{"href":"https:\/\/prefeitura.santarosa.rs.gov.br\/index.php?rest_route=%2Fwp%2Fv2%2Fmedia&parent=114"}],"wp:term":[{"taxonomy":"category","embeddable":true,"href":"https:\/\/prefeitura.santarosa.rs.gov.br\/index.php?rest_route=%2Fwp%2Fv2%2Fcategories&post=114"},{"taxonomy":"post_tag","embeddable":true,"href":"https:\/\/prefeitura.santarosa.rs.gov.br\/index.php?rest_route=%2Fwp%2Fv2%2Ftags&post=114"}],"curies":[{"name":"wp","href":"https:\/\/api.w.org\/{rel}","templated":true}]}}