{"id":11391,"date":"2024-11-18T17:33:32","date_gmt":"2024-11-18T20:33:32","guid":{"rendered":"https:\/\/prefeitura.santarosa.rs.gov.br\/?p=11391"},"modified":"2024-11-19T07:49:04","modified_gmt":"2024-11-19T10:49:04","slug":"novos-brinquedos-em-pracas-de-santa-rosa","status":"publish","type":"post","link":"https:\/\/prefeitura.santarosa.rs.gov.br\/?p=11391","title":{"rendered":"Novos brinquedos em pra\u00e7as de Santa Rosa"},"content":{"rendered":"\n<figure class=\"wp-block-image size-full\"><img fetchpriority=\"high\" decoding=\"async\" width=\"860\" height=\"645\" src=\"https:\/\/prefeitura.santarosa.rs.gov.br\/wp-content\/uploads\/2024\/11\/Formato-Site-e-Portal-860X645-JPG-30.jpg\" alt=\"\" class=\"wp-image-11392\" srcset=\"https:\/\/prefeitura.santarosa.rs.gov.br\/wp-content\/uploads\/2024\/11\/Formato-Site-e-Portal-860X645-JPG-30.jpg 860w, https:\/\/prefeitura.santarosa.rs.gov.br\/wp-content\/uploads\/2024\/11\/Formato-Site-e-Portal-860X645-JPG-30-300x225.jpg 300w, https:\/\/prefeitura.santarosa.rs.gov.br\/wp-content\/uploads\/2024\/11\/Formato-Site-e-Portal-860X645-JPG-30-768x576.jpg 768w\" sizes=\"(max-width: 860px) 100vw, 860px\" \/><\/figure>\n\n\n\n<p>O Governo Municipal segue investindo na revitaliza\u00e7\u00e3o e amplia\u00e7\u00e3o de espa\u00e7os p\u00fablicos para oferecer mais lazer, seguran\u00e7a e infraestrutura para as fam\u00edlias da cidade. Recentemente, foram instalados cinco novos playgrounds em pra\u00e7as e em uma escola de ensino fundamental. Um investimento de cerca de R$ 130 mil, de recursos de emenda parlamentar da Deputada Federal Any Ortiz.<\/p>\n\n\n\n<p>Os novos equipamentos, modelo Playground Infantil Multicor 3 Torres, incluem escorregadores, t\u00faneis e op\u00e7\u00f5es de escalada, garantindo atividades diversificadas e seguras para as crian\u00e7as. Os locais beneficiados foram: Pra\u00e7a da Esplanada; Pra\u00e7a do Loteamento Silva; Pra\u00e7a da Vila Vicente Cardoso; Pra\u00e7a da Bela Vista; e Escola Municipal de Ensino Fundamental 15 de Novembro. O prefeito Anderson Mantei destacou a import\u00e2ncia dos investimentos para o bem-estar da popula\u00e7\u00e3o, &#8220;Nosso objetivo \u00e9 proporcionar para as fam\u00edlias de Santa Rosa locais adequados para conviv\u00eancia e lazer, onde as crian\u00e7as possam brincar com seguran\u00e7a. Esses investimentos refletem o nosso compromisso em oferecer mais infraestrutura para os espa\u00e7os p\u00fablicos do munic\u00edpio&#8221;.<\/p>\n\n\n\n<p>As melhorias no lazer e esporte t\u00eam sido cont\u00ednuas. Nos \u00faltimos anos, a prefeitura revitalizou 14 pra\u00e7as de Santa Rosa. No momento, outros sete projetos est\u00e3o em execu\u00e7\u00e3o, incluindo a Pra\u00e7a Lorentz, Pra\u00e7a do Silva, Pra\u00e7a J\u00falio de Oliveira, Pra\u00e7a do Liminha, Pra\u00e7a da Bandeira, Esta\u00e7\u00e3o F\u00e9rrea e Ciclovia do Tape Por\u00e3. Al\u00e9m disso, est\u00e1 prevista tamb\u00e9m, a revitaliza\u00e7\u00e3o do parquinho da Pra\u00e7a 10 de Agosto, no centro, que deve ser iniciada at\u00e9 o final deste ano.<\/p>\n","protected":false},"excerpt":{"rendered":"<p>O Governo Municipal segue investindo na revitaliza\u00e7\u00e3o e amplia\u00e7\u00e3o de espa\u00e7os p\u00fablicos para oferecer mais lazer, seguran\u00e7a e infraestrutura para<\/p>\n","protected":false},"author":6,"featured_media":11393,"comment_status":"closed","ping_status":"closed","sticky":false,"template":"","format":"standard","meta":{"footnotes":""},"categories":[4,22],"tags":[],"class_list":["post-11391","post","type-post","status-publish","format-standard","has-post-thumbnail","hentry","category-noticias","category-secretaria-municipal-de-planejamento-e-habitacao"],"aioseo_notices":[],"_links":{"self":[{"href":"https:\/\/prefeitura.santarosa.rs.gov.br\/index.php?rest_route=\/wp\/v2\/posts\/11391","targetHints":{"allow":["GET"]}}],"collection":[{"href":"https:\/\/prefeitura.santarosa.rs.gov.br\/index.php?rest_route=\/wp\/v2\/posts"}],"about":[{"href":"https:\/\/prefeitura.santarosa.rs.gov.br\/index.php?rest_route=\/wp\/v2\/types\/post"}],"author":[{"embeddable":true,"href":"https:\/\/prefeitura.santarosa.rs.gov.br\/index.php?rest_route=\/wp\/v2\/users\/6"}],"replies":[{"embeddable":true,"href":"https:\/\/prefeitura.santarosa.rs.gov.br\/index.php?rest_route=%2Fwp%2Fv2%2Fcomments&post=11391"}],"version-history":[{"count":1,"href":"https:\/\/prefeitura.santarosa.rs.gov.br\/index.php?rest_route=\/wp\/v2\/posts\/11391\/revisions"}],"predecessor-version":[{"id":11394,"href":"https:\/\/prefeitura.santarosa.rs.gov.br\/index.php?rest_route=\/wp\/v2\/posts\/11391\/revisions\/11394"}],"wp:featuredmedia":[{"embeddable":true,"href":"https:\/\/prefeitura.santarosa.rs.gov.br\/index.php?rest_route=\/wp\/v2\/media\/11393"}],"wp:attachment":[{"href":"https:\/\/prefeitura.santarosa.rs.gov.br\/index.php?rest_route=%2Fwp%2Fv2%2Fmedia&parent=11391"}],"wp:term":[{"taxonomy":"category","embeddable":true,"href":"https:\/\/prefeitura.santarosa.rs.gov.br\/index.php?rest_route=%2Fwp%2Fv2%2Fcategories&post=11391"},{"taxonomy":"post_tag","embeddable":true,"href":"https:\/\/prefeitura.santarosa.rs.gov.br\/index.php?rest_route=%2Fwp%2Fv2%2Ftags&post=11391"}],"curies":[{"name":"wp","href":"https:\/\/api.w.org\/{rel}","templated":true}]}}