{"id":11387,"date":"2024-11-18T14:50:37","date_gmt":"2024-11-18T17:50:37","guid":{"rendered":"https:\/\/prefeitura.santarosa.rs.gov.br\/?p=11387"},"modified":"2024-11-18T14:50:38","modified_gmt":"2024-11-18T17:50:38","slug":"missao-asia-vice-prefeito-de-santa-rosa-conclui-etapa-em-dubai-e-segue-para-toquio","status":"publish","type":"post","link":"https:\/\/prefeitura.santarosa.rs.gov.br\/?p=11387","title":{"rendered":"Miss\u00e3o \u00c1sia: Vice-prefeito de Santa Rosa conclui etapa em Dubai e segue para T\u00f3quio"},"content":{"rendered":"\n<figure class=\"wp-block-image size-full\"><img fetchpriority=\"high\" decoding=\"async\" width=\"860\" height=\"645\" src=\"https:\/\/prefeitura.santarosa.rs.gov.br\/wp-content\/uploads\/2024\/11\/Formato-Site-e-Portal-860X645-JPG-28.jpg\" alt=\"\" class=\"wp-image-11388\" srcset=\"https:\/\/prefeitura.santarosa.rs.gov.br\/wp-content\/uploads\/2024\/11\/Formato-Site-e-Portal-860X645-JPG-28.jpg 860w, https:\/\/prefeitura.santarosa.rs.gov.br\/wp-content\/uploads\/2024\/11\/Formato-Site-e-Portal-860X645-JPG-28-300x225.jpg 300w, https:\/\/prefeitura.santarosa.rs.gov.br\/wp-content\/uploads\/2024\/11\/Formato-Site-e-Portal-860X645-JPG-28-768x576.jpg 768w\" sizes=\"(max-width: 860px) 100vw, 860px\" \/><\/figure>\n\n\n\n<p>O vice-prefeito de Santa Rosa, Aldemir Ulrich, encerrou a primeira etapa da miss\u00e3o na \u00c1sia, junto com a comitiva do Governo do Rio Grande do Sul. Liderados pelo secret\u00e1rio de Desenvolvimento Econ\u00f4mico, Ernani Polo, os participantes completaram a etapa realizada em Dubai, nos Emirados \u00c1rabes Unidos. Durante a passagem pela cidade, o vice-prefeito participou de uma s\u00e9rie de reuni\u00f5es estrat\u00e9gicas que visam fomentar rela\u00e7\u00f5es comerciais e atrair investimentos para o Estado e para Santa Rosa.<\/p>\n\n\n\n<p>Entre os compromissos em Dubai, Ulrich esteve em um encontro com Paulo Azevedo, presidente da C\u00e2mara de Com\u00e9rcio Brasil-\u00cdndia, no qual foram discutidas oportunidades de interc\u00e2mbio comercial entre as regi\u00f5es. O vice-prefeito tamb\u00e9m se reuniu com Tatiana Riera, L\u00edder do Escrit\u00f3rio da ApexBrasil de Dubai, com o objetivo de ampliar a visibilidade de empresas ga\u00fachas nesses mercados. Al\u00e9m disso, integrantes da comitiva participaram de um encontro com o Dr. Abdalla Alsuwaidi, importante lideran\u00e7a no setor de sa\u00fade e empres\u00e1rio investidor em Dubai, explorando possibilidades de parcerias na \u00e1rea da sa\u00fade e inova\u00e7\u00e3o. Outro destaque foi uma reuni\u00e3o sobre iniciativas sustent\u00e1veis e inovadoras com representantes de um fundo investidor em gera\u00e7\u00e3o de energia verde, liderado por A.T.M. Rahat. \u201cConcluir a etapa em Dubai com tantas agendas produtivas nos d\u00e1 a certeza de que estamos criando caminhos concretos para atrair novos investimentos para Santa Rosa e para o Rio Grande do Sul. Essa experi\u00eancia est\u00e1 sendo muito enriquecedora\u201d, destacou Aldemir Ulrich.<\/p>\n\n\n\n<p>A comitiva segue para T\u00f3quio, no Jap\u00e3o, nesta segunda-feira (18). Entre os compromissos previstos est\u00e3o visitas na Assembleia e na sede do Governo Metropolitano de T\u00f3quio, al\u00e9m de encontros com empresas e institui\u00e7\u00f5es japonesas. Um dos focos ser\u00e1 conhecer solu\u00e7\u00f5es inovadoras, especialmente na \u00e1rea de preven\u00e7\u00e3o de desastres naturais, que \u00e9 uma pauta estrat\u00e9gica para o Rio Grande do Sul.<\/p>\n","protected":false},"excerpt":{"rendered":"<p>O vice-prefeito de Santa Rosa, Aldemir Ulrich, encerrou a primeira etapa da miss\u00e3o na \u00c1sia, junto com a comitiva do<\/p>\n","protected":false},"author":6,"featured_media":11389,"comment_status":"closed","ping_status":"closed","sticky":false,"template":"","format":"standard","meta":{"footnotes":""},"categories":[4,9],"tags":[],"class_list":["post-11387","post","type-post","status-publish","format-standard","has-post-thumbnail","hentry","category-noticias","category-gabinete-do-vice-prefeito"],"aioseo_notices":[],"_links":{"self":[{"href":"https:\/\/prefeitura.santarosa.rs.gov.br\/index.php?rest_route=\/wp\/v2\/posts\/11387","targetHints":{"allow":["GET"]}}],"collection":[{"href":"https:\/\/prefeitura.santarosa.rs.gov.br\/index.php?rest_route=\/wp\/v2\/posts"}],"about":[{"href":"https:\/\/prefeitura.santarosa.rs.gov.br\/index.php?rest_route=\/wp\/v2\/types\/post"}],"author":[{"embeddable":true,"href":"https:\/\/prefeitura.santarosa.rs.gov.br\/index.php?rest_route=\/wp\/v2\/users\/6"}],"replies":[{"embeddable":true,"href":"https:\/\/prefeitura.santarosa.rs.gov.br\/index.php?rest_route=%2Fwp%2Fv2%2Fcomments&post=11387"}],"version-history":[{"count":1,"href":"https:\/\/prefeitura.santarosa.rs.gov.br\/index.php?rest_route=\/wp\/v2\/posts\/11387\/revisions"}],"predecessor-version":[{"id":11390,"href":"https:\/\/prefeitura.santarosa.rs.gov.br\/index.php?rest_route=\/wp\/v2\/posts\/11387\/revisions\/11390"}],"wp:featuredmedia":[{"embeddable":true,"href":"https:\/\/prefeitura.santarosa.rs.gov.br\/index.php?rest_route=\/wp\/v2\/media\/11389"}],"wp:attachment":[{"href":"https:\/\/prefeitura.santarosa.rs.gov.br\/index.php?rest_route=%2Fwp%2Fv2%2Fmedia&parent=11387"}],"wp:term":[{"taxonomy":"category","embeddable":true,"href":"https:\/\/prefeitura.santarosa.rs.gov.br\/index.php?rest_route=%2Fwp%2Fv2%2Fcategories&post=11387"},{"taxonomy":"post_tag","embeddable":true,"href":"https:\/\/prefeitura.santarosa.rs.gov.br\/index.php?rest_route=%2Fwp%2Fv2%2Ftags&post=11387"}],"curies":[{"name":"wp","href":"https:\/\/api.w.org\/{rel}","templated":true}]}}