{"id":11383,"date":"2024-11-18T14:13:28","date_gmt":"2024-11-18T17:13:28","guid":{"rendered":"https:\/\/prefeitura.santarosa.rs.gov.br\/?p=11383"},"modified":"2024-11-18T14:16:47","modified_gmt":"2024-11-18T17:16:47","slug":"santa-rosa-participa-do-smart-cities-park-em-nova-petropolis","status":"publish","type":"post","link":"https:\/\/prefeitura.santarosa.rs.gov.br\/?p=11383","title":{"rendered":"Santa Rosa participa do Smart Cities Park em Nova Petr\u00f3polis"},"content":{"rendered":"\n<figure class=\"wp-block-image size-full\"><img fetchpriority=\"high\" decoding=\"async\" width=\"860\" height=\"645\" src=\"https:\/\/prefeitura.santarosa.rs.gov.br\/wp-content\/uploads\/2024\/11\/Formato-Site-e-Portal-860X645-JPG-27.jpg\" alt=\"\" class=\"wp-image-11384\" srcset=\"https:\/\/prefeitura.santarosa.rs.gov.br\/wp-content\/uploads\/2024\/11\/Formato-Site-e-Portal-860X645-JPG-27.jpg 860w, https:\/\/prefeitura.santarosa.rs.gov.br\/wp-content\/uploads\/2024\/11\/Formato-Site-e-Portal-860X645-JPG-27-300x225.jpg 300w, https:\/\/prefeitura.santarosa.rs.gov.br\/wp-content\/uploads\/2024\/11\/Formato-Site-e-Portal-860X645-JPG-27-768x576.jpg 768w\" sizes=\"(max-width: 860px) 100vw, 860px\" \/><\/figure>\n\n\n\n<p>A Prefeitura de Santa Rosa foi um dos munic\u00edpios ga\u00fachos a apresentar um projeto de destaque na 3\u00aa edi\u00e7\u00e3o do Smart Cities Park, em Nova Petr\u00f3polis. Reconhecido como um dos mais importantes eventos na \u00e1rea de inova\u00e7\u00e3o, a a\u00e7\u00e3o foi voltada ao setor p\u00fablico municipal. O evento reuniu l\u00edderes, gestores, especialistas e empresas do setor de tecnologia, com a finalidade de impulsionar as cidades na dire\u00e7\u00e3o de se tornarem verdadeiras \u201ccidades inteligentes\u201d. Na oportunidade, foram apresentados projetos de munic\u00edpios que utilizam a tecnologia para criar solu\u00e7\u00f5es r\u00e1pidas e eficientes para as demandas da popula\u00e7\u00e3o.<\/p>\n\n\n\n<p>Santa Rosa foi convidada para apresentar no espa\u00e7o de Tecnologia e Governo Digital a tem\u00e1tica: &#8220;Governan\u00e7a e Transforma\u00e7\u00e3o Digital nos Servi\u00e7os P\u00fablicos&#8221;, evidenciando os avan\u00e7os do munic\u00edpio nesta \u00e1rea. O Secret\u00e1rio de Gest\u00e3o, Ademir Rosa, representou o prefeito Anderson Mantei e conduziu a apresenta\u00e7\u00e3o, \u201cO Governo Municipal tem investido nos processos de moderniza\u00e7\u00e3o administrativa, efici\u00eancia na gest\u00e3o p\u00fablica e de melhorias no acesso aos servi\u00e7os para os cidad\u00e3os, consolidando-se como uma refer\u00eancia em governan\u00e7a e inova\u00e7\u00e3o no Rio Grande do Sul. Foi uma honra representar o munic\u00edpio no Smart Cities Park, onde tivemos a oportunidade de mostrar o trabalhado desenvolvido em Santa Rosa, trocar experi\u00eancias e conhecer outros projetos inovadores de outros munic\u00edpios e empresas de tecnologia\u201d.<\/p>\n\n\n\n<p>Desde 2021, Santa Rosa tem avan\u00e7ado significativamente no Programa Prefeitura Digital. Atualmente, o munic\u00edpio oferece 316 servi\u00e7os digitais ativos e dispon\u00edveis para a popula\u00e7\u00e3o, sendo que 90% dos processos abertos j\u00e1 ocorrem de forma digital. Esses avan\u00e7os t\u00eam gerado resultados expressivos: de janeiro a outubro deste ano, o Portal do Cidad\u00e3o registrou mais de 1,3 milh\u00e3o de acessos, o que evidencia o impacto positivo da transforma\u00e7\u00e3o digital nos servi\u00e7os p\u00fablicos.<\/p>\n","protected":false},"excerpt":{"rendered":"<p>A Prefeitura de Santa Rosa foi um dos munic\u00edpios ga\u00fachos a apresentar um projeto de destaque na 3\u00aa edi\u00e7\u00e3o do<\/p>\n","protected":false},"author":6,"featured_media":11385,"comment_status":"closed","ping_status":"closed","sticky":false,"template":"","format":"standard","meta":{"footnotes":""},"categories":[4,23],"tags":[],"class_list":["post-11383","post","type-post","status-publish","format-standard","has-post-thumbnail","hentry","category-noticias","category-secretaria-municipal-governanca-gestao"],"aioseo_notices":[],"_links":{"self":[{"href":"https:\/\/prefeitura.santarosa.rs.gov.br\/index.php?rest_route=\/wp\/v2\/posts\/11383","targetHints":{"allow":["GET"]}}],"collection":[{"href":"https:\/\/prefeitura.santarosa.rs.gov.br\/index.php?rest_route=\/wp\/v2\/posts"}],"about":[{"href":"https:\/\/prefeitura.santarosa.rs.gov.br\/index.php?rest_route=\/wp\/v2\/types\/post"}],"author":[{"embeddable":true,"href":"https:\/\/prefeitura.santarosa.rs.gov.br\/index.php?rest_route=\/wp\/v2\/users\/6"}],"replies":[{"embeddable":true,"href":"https:\/\/prefeitura.santarosa.rs.gov.br\/index.php?rest_route=%2Fwp%2Fv2%2Fcomments&post=11383"}],"version-history":[{"count":1,"href":"https:\/\/prefeitura.santarosa.rs.gov.br\/index.php?rest_route=\/wp\/v2\/posts\/11383\/revisions"}],"predecessor-version":[{"id":11386,"href":"https:\/\/prefeitura.santarosa.rs.gov.br\/index.php?rest_route=\/wp\/v2\/posts\/11383\/revisions\/11386"}],"wp:featuredmedia":[{"embeddable":true,"href":"https:\/\/prefeitura.santarosa.rs.gov.br\/index.php?rest_route=\/wp\/v2\/media\/11385"}],"wp:attachment":[{"href":"https:\/\/prefeitura.santarosa.rs.gov.br\/index.php?rest_route=%2Fwp%2Fv2%2Fmedia&parent=11383"}],"wp:term":[{"taxonomy":"category","embeddable":true,"href":"https:\/\/prefeitura.santarosa.rs.gov.br\/index.php?rest_route=%2Fwp%2Fv2%2Fcategories&post=11383"},{"taxonomy":"post_tag","embeddable":true,"href":"https:\/\/prefeitura.santarosa.rs.gov.br\/index.php?rest_route=%2Fwp%2Fv2%2Ftags&post=11383"}],"curies":[{"name":"wp","href":"https:\/\/api.w.org\/{rel}","templated":true}]}}