{"id":11374,"date":"2024-11-15T08:21:00","date_gmt":"2024-11-15T11:21:00","guid":{"rendered":"https:\/\/prefeitura.santarosa.rs.gov.br\/?p=11374"},"modified":"2024-11-18T08:29:28","modified_gmt":"2024-11-18T11:29:28","slug":"fumssar-destaca-experiencia-de-reabilitacao-para-autismo-em-seminario-promovido-pelo-ministerio-publico-do-rs","status":"publish","type":"post","link":"https:\/\/prefeitura.santarosa.rs.gov.br\/?p=11374","title":{"rendered":"FUMSSAR destaca experi\u00eancia de reabilita\u00e7\u00e3o para autismo em semin\u00e1rio promovido pelo Minist\u00e9rio P\u00fablico do RS"},"content":{"rendered":"\n<figure class=\"wp-block-image size-full\"><img fetchpriority=\"high\" decoding=\"async\" width=\"860\" height=\"645\" src=\"https:\/\/prefeitura.santarosa.rs.gov.br\/wp-content\/uploads\/2024\/11\/Formato-Site-e-Portal-860X645-JPG-25.jpg\" alt=\"\" class=\"wp-image-11375\" srcset=\"https:\/\/prefeitura.santarosa.rs.gov.br\/wp-content\/uploads\/2024\/11\/Formato-Site-e-Portal-860X645-JPG-25.jpg 860w, https:\/\/prefeitura.santarosa.rs.gov.br\/wp-content\/uploads\/2024\/11\/Formato-Site-e-Portal-860X645-JPG-25-300x225.jpg 300w, https:\/\/prefeitura.santarosa.rs.gov.br\/wp-content\/uploads\/2024\/11\/Formato-Site-e-Portal-860X645-JPG-25-768x576.jpg 768w\" sizes=\"(max-width: 860px) 100vw, 860px\" \/><\/figure>\n\n\n\n<p>Na \u00faltima quarta-feira (13), Santa Rosa esteve representada no semin\u00e1rio \u201cTEA: Contribui\u00e7\u00f5es sobre direitos de crian\u00e7as e adolescentes na perspectiva da sa\u00fade e da educa\u00e7\u00e3o\u201d. O encontro promovido pelo Minist\u00e9rio P\u00fablico do Rio Grande do Sul (MPRS), ocorreu em Porto Alegre. A Funda\u00e7\u00e3o Municipal de Sa\u00fade de Santa Rosa foi convidada a participar do evento, onde compartilhou as pr\u00e1ticas exitosas na reabilita\u00e7\u00e3o de crian\u00e7as e adolescentes com Transtorno do Espectro Autista (TEA) em Santa Rosa e regi\u00e3o. O presidente da FUMSSAR, D\u00e9lcio Stefan e a fonoaudi\u00f3loga e coordenadora do CER II, Michelli Pes, marcaram presen\u00e7a, levando ao p\u00fablico especializado o trabalho desenvolvido na cidade.<\/p>\n\n\n\n<p>Organizado pelo Centro de Apoio Operacional da Educa\u00e7\u00e3o, Inf\u00e2ncia e Juventude e o Centro de Estudos e Aperfei\u00e7oamento Funcional (CEAF), o evento reuniu advogados, promotores e ju\u00edzes. A a\u00e7\u00e3o teve como foco a conscientiza\u00e7\u00e3o sobre os direitos das crian\u00e7as e adolescentes com TEA. Na oportunidade, foram debatidas pol\u00edticas p\u00fablicas inclusivas que garantam o desenvolvimento e o bem-estar dos autistas e suas fam\u00edlias. O presidente da FUMSSAR, D\u00e9lcio Stefan, destacou a oportunidade \u00edmpar de agregar e compartilhar saberes, \u201cFoi uma honra para Santa Rosa ser reconhecida por suas pr\u00e1ticas e resultados nessa \u00e1rea t\u00e3o importante. Nossa equipe vem realizando um trabalho comprometido e inovador no atendimento de pessoas com TEA, e estamos felizes por contribuir para a troca de conhecimentos e o fortalecimento de pol\u00edticas p\u00fablicas voltadas ao autismo\u201d.<\/p>\n\n\n\n<p>O semin\u00e1rio foi transmitido ao vivo pelo canal do MPRS no YouTube e est\u00e1 dispon\u00edvel para visualiza\u00e7\u00e3o no link: https:\/\/www.youtube.com\/watch?v=DEKjIdLB5p0<\/p>\n","protected":false},"excerpt":{"rendered":"<p>Na \u00faltima quarta-feira (13), Santa Rosa esteve representada no semin\u00e1rio \u201cTEA: Contribui\u00e7\u00f5es sobre direitos de crian\u00e7as e adolescentes na perspectiva<\/p>\n","protected":false},"author":6,"featured_media":11376,"comment_status":"closed","ping_status":"closed","sticky":false,"template":"","format":"standard","meta":{"footnotes":""},"categories":[4,8],"tags":[],"class_list":["post-11374","post","type-post","status-publish","format-standard","has-post-thumbnail","hentry","category-noticias","category-noticias-fumssar"],"aioseo_notices":[],"_links":{"self":[{"href":"https:\/\/prefeitura.santarosa.rs.gov.br\/index.php?rest_route=\/wp\/v2\/posts\/11374","targetHints":{"allow":["GET"]}}],"collection":[{"href":"https:\/\/prefeitura.santarosa.rs.gov.br\/index.php?rest_route=\/wp\/v2\/posts"}],"about":[{"href":"https:\/\/prefeitura.santarosa.rs.gov.br\/index.php?rest_route=\/wp\/v2\/types\/post"}],"author":[{"embeddable":true,"href":"https:\/\/prefeitura.santarosa.rs.gov.br\/index.php?rest_route=\/wp\/v2\/users\/6"}],"replies":[{"embeddable":true,"href":"https:\/\/prefeitura.santarosa.rs.gov.br\/index.php?rest_route=%2Fwp%2Fv2%2Fcomments&post=11374"}],"version-history":[{"count":1,"href":"https:\/\/prefeitura.santarosa.rs.gov.br\/index.php?rest_route=\/wp\/v2\/posts\/11374\/revisions"}],"predecessor-version":[{"id":11377,"href":"https:\/\/prefeitura.santarosa.rs.gov.br\/index.php?rest_route=\/wp\/v2\/posts\/11374\/revisions\/11377"}],"wp:featuredmedia":[{"embeddable":true,"href":"https:\/\/prefeitura.santarosa.rs.gov.br\/index.php?rest_route=\/wp\/v2\/media\/11376"}],"wp:attachment":[{"href":"https:\/\/prefeitura.santarosa.rs.gov.br\/index.php?rest_route=%2Fwp%2Fv2%2Fmedia&parent=11374"}],"wp:term":[{"taxonomy":"category","embeddable":true,"href":"https:\/\/prefeitura.santarosa.rs.gov.br\/index.php?rest_route=%2Fwp%2Fv2%2Fcategories&post=11374"},{"taxonomy":"post_tag","embeddable":true,"href":"https:\/\/prefeitura.santarosa.rs.gov.br\/index.php?rest_route=%2Fwp%2Fv2%2Ftags&post=11374"}],"curies":[{"name":"wp","href":"https:\/\/api.w.org\/{rel}","templated":true}]}}