{"id":11363,"date":"2024-11-14T08:05:00","date_gmt":"2024-11-14T11:05:00","guid":{"rendered":"https:\/\/prefeitura.santarosa.rs.gov.br\/?p=11363"},"modified":"2024-11-18T08:17:38","modified_gmt":"2024-11-18T11:17:38","slug":"servidora-da-prefeitura-e-homenageada-com-comenda-da-brigada-militar-de-santa-rosa","status":"publish","type":"post","link":"https:\/\/prefeitura.santarosa.rs.gov.br\/?p=11363","title":{"rendered":"Servidora da Prefeitura \u00e9 homenageada com comenda da Brigada Militar de Santa Rosa"},"content":{"rendered":"\n<figure class=\"wp-block-image size-full\"><img fetchpriority=\"high\" decoding=\"async\" width=\"860\" height=\"645\" src=\"https:\/\/prefeitura.santarosa.rs.gov.br\/wp-content\/uploads\/2024\/11\/Formato-Site-e-Portal-860X645-JPG-24.jpg\" alt=\"\" class=\"wp-image-11364\" srcset=\"https:\/\/prefeitura.santarosa.rs.gov.br\/wp-content\/uploads\/2024\/11\/Formato-Site-e-Portal-860X645-JPG-24.jpg 860w, https:\/\/prefeitura.santarosa.rs.gov.br\/wp-content\/uploads\/2024\/11\/Formato-Site-e-Portal-860X645-JPG-24-300x225.jpg 300w, https:\/\/prefeitura.santarosa.rs.gov.br\/wp-content\/uploads\/2024\/11\/Formato-Site-e-Portal-860X645-JPG-24-768x576.jpg 768w\" sizes=\"(max-width: 860px) 100vw, 860px\" \/><\/figure>\n\n\n\n<p>Na manh\u00e3 desta quinta-feira (14), no audit\u00f3rio do 4\u00ba Batalh\u00e3o de Pol\u00edcia de \u00c1rea de Fronteira (4\u00ba BPAF) em Santa Rosa, foram celebrados os anivers\u00e1rios da Brigada Militar (187 anos), do Comando Regional de Pol\u00edcia Ostensiva Fronteira Noroeste (26 anos) e do 4\u00ba BPAF (19 anos). Durante a cerim\u00f4nia, a Brigada Militar entregou comendas a cidad\u00e3os e autoridades locais em reconhecimento ao apoio e \u00e0 atua\u00e7\u00e3o destacada na seguran\u00e7a p\u00fablica regional. Entre os homenageados, estava a servidora Ester Adam, encarregada da Equipe Administrativa da Secretaria de Mobilidade Urbana, que recebeu a comenda da Brigada Militar em reconhecimento ao apoio prestado \u00e0 institui\u00e7\u00e3o.<\/p>\n\n\n\n<p>A honraria foi entregue pelo Tenente-Coronel Andr\u00e9 Lima da Silva, comandante regional do CRPO Fronteira Noroeste, e pelo comandante do 4\u00ba BPAF, Tenente-Coronel Valtair Dornelles, que agradeceram aos homenageados pelo apoio fundamental \u00e0 seguran\u00e7a p\u00fablica. Ester expressou sua gratid\u00e3o pela homenagem, \u201cFoi uma honra receber esta comenda e ser reconhecida pelo trabalho realizado na Prefeitura de Santa Rosa, onde estamos diariamente em contato com a Brigada Militar, sempre reafirmando essa parceria,\u201d afirmou a servidora, destacando a import\u00e2ncia da colabora\u00e7\u00e3o entre os setores p\u00fablico e de seguran\u00e7a para o bem-estar da comunidade.<\/p>\n","protected":false},"excerpt":{"rendered":"<p>Na manh\u00e3 desta quinta-feira (14), no audit\u00f3rio do 4\u00ba Batalh\u00e3o de Pol\u00edcia de \u00c1rea de Fronteira (4\u00ba BPAF) em Santa<\/p>\n","protected":false},"author":6,"featured_media":11368,"comment_status":"closed","ping_status":"closed","sticky":false,"template":"","format":"standard","meta":{"footnotes":""},"categories":[4,27],"tags":[],"class_list":["post-11363","post","type-post","status-publish","format-standard","has-post-thumbnail","hentry","category-noticias","category-secretaria-municipal-de-mobilidade-urbana"],"aioseo_notices":[],"_links":{"self":[{"href":"https:\/\/prefeitura.santarosa.rs.gov.br\/index.php?rest_route=\/wp\/v2\/posts\/11363","targetHints":{"allow":["GET"]}}],"collection":[{"href":"https:\/\/prefeitura.santarosa.rs.gov.br\/index.php?rest_route=\/wp\/v2\/posts"}],"about":[{"href":"https:\/\/prefeitura.santarosa.rs.gov.br\/index.php?rest_route=\/wp\/v2\/types\/post"}],"author":[{"embeddable":true,"href":"https:\/\/prefeitura.santarosa.rs.gov.br\/index.php?rest_route=\/wp\/v2\/users\/6"}],"replies":[{"embeddable":true,"href":"https:\/\/prefeitura.santarosa.rs.gov.br\/index.php?rest_route=%2Fwp%2Fv2%2Fcomments&post=11363"}],"version-history":[{"count":1,"href":"https:\/\/prefeitura.santarosa.rs.gov.br\/index.php?rest_route=\/wp\/v2\/posts\/11363\/revisions"}],"predecessor-version":[{"id":11366,"href":"https:\/\/prefeitura.santarosa.rs.gov.br\/index.php?rest_route=\/wp\/v2\/posts\/11363\/revisions\/11366"}],"wp:featuredmedia":[{"embeddable":true,"href":"https:\/\/prefeitura.santarosa.rs.gov.br\/index.php?rest_route=\/wp\/v2\/media\/11368"}],"wp:attachment":[{"href":"https:\/\/prefeitura.santarosa.rs.gov.br\/index.php?rest_route=%2Fwp%2Fv2%2Fmedia&parent=11363"}],"wp:term":[{"taxonomy":"category","embeddable":true,"href":"https:\/\/prefeitura.santarosa.rs.gov.br\/index.php?rest_route=%2Fwp%2Fv2%2Fcategories&post=11363"},{"taxonomy":"post_tag","embeddable":true,"href":"https:\/\/prefeitura.santarosa.rs.gov.br\/index.php?rest_route=%2Fwp%2Fv2%2Ftags&post=11363"}],"curies":[{"name":"wp","href":"https:\/\/api.w.org\/{rel}","templated":true}]}}