{"id":11359,"date":"2024-11-14T08:03:00","date_gmt":"2024-11-14T11:03:00","guid":{"rendered":"https:\/\/prefeitura.santarosa.rs.gov.br\/?p=11359"},"modified":"2024-11-18T08:05:17","modified_gmt":"2024-11-18T11:05:17","slug":"secretaria-de-comunicacao-compartilha-modelo-de-gestao","status":"publish","type":"post","link":"https:\/\/prefeitura.santarosa.rs.gov.br\/?p=11359","title":{"rendered":"Secretaria de Comunica\u00e7\u00e3o compartilha modelo de gest\u00e3o"},"content":{"rendered":"\n<figure class=\"wp-block-image size-full\"><img fetchpriority=\"high\" decoding=\"async\" width=\"860\" height=\"645\" src=\"https:\/\/prefeitura.santarosa.rs.gov.br\/wp-content\/uploads\/2024\/11\/Formato-Site-e-Portal-860X645-JPG-23-1.jpg\" alt=\"\" class=\"wp-image-11360\" srcset=\"https:\/\/prefeitura.santarosa.rs.gov.br\/wp-content\/uploads\/2024\/11\/Formato-Site-e-Portal-860X645-JPG-23-1.jpg 860w, https:\/\/prefeitura.santarosa.rs.gov.br\/wp-content\/uploads\/2024\/11\/Formato-Site-e-Portal-860X645-JPG-23-1-300x225.jpg 300w, https:\/\/prefeitura.santarosa.rs.gov.br\/wp-content\/uploads\/2024\/11\/Formato-Site-e-Portal-860X645-JPG-23-1-768x576.jpg 768w\" sizes=\"(max-width: 860px) 100vw, 860px\" \/><\/figure>\n\n\n\n<p>Nesta quinta-feira (14), a equipe da Secretaria de Comunica\u00e7\u00e3o de Santa Rosa teve a oportunidade de compartilhar como funciona o processo de trabalho na Prefeitura. O prefeito eleito de Tuparendi, Julio Mattiazzi e sua assessora de imprensa, Djulia Both, visitaram o Pal\u00e1cio Municipal para conhecer de perto o trabalho desenvolvido pela secretaria. A inten\u00e7\u00e3o da visita foi entender e se inspirar no modelo de gest\u00e3o da comunica\u00e7\u00e3o de Santa Rosa.<\/p>\n\n\n\n<p>Os representantes de Tuparendi foram recebidos pela Secret\u00e1ria de Comunica\u00e7\u00e3o de Santa Rosa, Lisandra Steffen, pela assessora de Comunica\u00e7\u00e3o, Joeldine Caziraghi e pelo Gerente de Comunica\u00e7\u00e3o, Anderson Matozo. Durante o encontro, foi relatado o trabalho realizado nos \u00faltimos quatro anos, \u201cConseguimos produzir muitos materiais informativos que foram a base do nosso trabalho que teve como principal objetivo informar a popula\u00e7\u00e3o sobre o que est\u00e1 sendo realizado na Prefeitura\u201d, destacou Lisandra Steffen.<\/p>\n\n\n\n<p>O prefeito de Tuparendi e a assessora tamb\u00e9m visitaram o Prefeito Anderson Mantei e tiveram oportunidade de trocar ideias sobre a forma de gest\u00e3o do munic\u00edpio.<\/p>\n","protected":false},"excerpt":{"rendered":"<p>Nesta quinta-feira (14), a equipe da Secretaria de Comunica\u00e7\u00e3o de Santa Rosa teve a oportunidade de compartilhar como funciona o<\/p>\n","protected":false},"author":6,"featured_media":11361,"comment_status":"closed","ping_status":"closed","sticky":false,"template":"","format":"standard","meta":{"footnotes":""},"categories":[4,15],"tags":[],"class_list":["post-11359","post","type-post","status-publish","format-standard","has-post-thumbnail","hentry","category-noticias","category-secretaria-municipal-de-comunicacao"],"aioseo_notices":[],"_links":{"self":[{"href":"https:\/\/prefeitura.santarosa.rs.gov.br\/index.php?rest_route=\/wp\/v2\/posts\/11359","targetHints":{"allow":["GET"]}}],"collection":[{"href":"https:\/\/prefeitura.santarosa.rs.gov.br\/index.php?rest_route=\/wp\/v2\/posts"}],"about":[{"href":"https:\/\/prefeitura.santarosa.rs.gov.br\/index.php?rest_route=\/wp\/v2\/types\/post"}],"author":[{"embeddable":true,"href":"https:\/\/prefeitura.santarosa.rs.gov.br\/index.php?rest_route=\/wp\/v2\/users\/6"}],"replies":[{"embeddable":true,"href":"https:\/\/prefeitura.santarosa.rs.gov.br\/index.php?rest_route=%2Fwp%2Fv2%2Fcomments&post=11359"}],"version-history":[{"count":1,"href":"https:\/\/prefeitura.santarosa.rs.gov.br\/index.php?rest_route=\/wp\/v2\/posts\/11359\/revisions"}],"predecessor-version":[{"id":11362,"href":"https:\/\/prefeitura.santarosa.rs.gov.br\/index.php?rest_route=\/wp\/v2\/posts\/11359\/revisions\/11362"}],"wp:featuredmedia":[{"embeddable":true,"href":"https:\/\/prefeitura.santarosa.rs.gov.br\/index.php?rest_route=\/wp\/v2\/media\/11361"}],"wp:attachment":[{"href":"https:\/\/prefeitura.santarosa.rs.gov.br\/index.php?rest_route=%2Fwp%2Fv2%2Fmedia&parent=11359"}],"wp:term":[{"taxonomy":"category","embeddable":true,"href":"https:\/\/prefeitura.santarosa.rs.gov.br\/index.php?rest_route=%2Fwp%2Fv2%2Fcategories&post=11359"},{"taxonomy":"post_tag","embeddable":true,"href":"https:\/\/prefeitura.santarosa.rs.gov.br\/index.php?rest_route=%2Fwp%2Fv2%2Ftags&post=11359"}],"curies":[{"name":"wp","href":"https:\/\/api.w.org\/{rel}","templated":true}]}}