{"id":11344,"date":"2024-11-13T15:08:05","date_gmt":"2024-11-13T18:08:05","guid":{"rendered":"https:\/\/prefeitura.santarosa.rs.gov.br\/?p=11344"},"modified":"2024-11-13T15:10:33","modified_gmt":"2024-11-13T18:10:33","slug":"missao-asia-vice-prefeito-aldemir-embarca-hoje-junto-com-comitiva-do-rs","status":"publish","type":"post","link":"https:\/\/prefeitura.santarosa.rs.gov.br\/?p=11344","title":{"rendered":"Miss\u00e3o \u00c1sia: Vice-prefeito Aldemir embarca hoje junto com comitiva do RS"},"content":{"rendered":"\n<figure class=\"wp-block-image size-full\"><img fetchpriority=\"high\" decoding=\"async\" width=\"860\" height=\"645\" src=\"https:\/\/prefeitura.santarosa.rs.gov.br\/wp-content\/uploads\/2024\/11\/Formato-Site-e-Portal-860X645-JPG-20.jpg\" alt=\"\" class=\"wp-image-11345\" srcset=\"https:\/\/prefeitura.santarosa.rs.gov.br\/wp-content\/uploads\/2024\/11\/Formato-Site-e-Portal-860X645-JPG-20.jpg 860w, https:\/\/prefeitura.santarosa.rs.gov.br\/wp-content\/uploads\/2024\/11\/Formato-Site-e-Portal-860X645-JPG-20-300x225.jpg 300w, https:\/\/prefeitura.santarosa.rs.gov.br\/wp-content\/uploads\/2024\/11\/Formato-Site-e-Portal-860X645-JPG-20-768x576.jpg 768w\" sizes=\"(max-width: 860px) 100vw, 860px\" \/><\/figure>\n\n\n\n<p>O vice-prefeito de Santa Rosa, Aldemir Ulrich, foi convidado a integrar a nova miss\u00e3o do Governo do Rio Grande do Sul. Junto com o governador Eduardo Leite, secret\u00e1rios de Estado, deputados estaduais, empres\u00e1rios e outras lideran\u00e7as, a comitiva embarca nesta quarta-feira (13), para a \u00c1sia. A proposta \u00e9 visitar Dubai, Jap\u00e3o e China. Santa Rosa \u00e9 uma das \u00fanicas prefeituras do RS convidadas para participar da miss\u00e3o.<\/p>\n\n\n\n<p>A comitiva segue sob a coordena\u00e7\u00e3o do Secret\u00e1rio de Desenvolvimento Econ\u00f4mico, Ernani Polo. As lideran\u00e7as ir\u00e3o cumprir um cronograma de eventos e reuni\u00f5es no continente asi\u00e1tico em busca de ampliar neg\u00f3cios e atrair novos investimentos para o Estado. A primeira parada vai ocorrer em Dubai, onde ser\u00e3o realizadas agendas nesta semana. Na sequ\u00eancia, todos seguem para T\u00f3quio, no Jap\u00e3o. O foco ser\u00e1 visitar diversas ag\u00eancias, empresas e institui\u00e7\u00f5es japonesas com o objetivo de ampliar neg\u00f3cios e verificar a possibilidade de novos investimentos no RS. Outro grande destaque ser\u00e1 conhecer o sistema japon\u00eas de prote\u00e7\u00e3o e preven\u00e7\u00e3o contra desastres naturais. O vice-prefeito Aldemir Ulrich destaca a a\u00e7\u00e3o, \u201cEst\u00e1 sendo uma honra representar Santa Rosa e fazer parte desse grupo que vai representar nosso estado nesses importantes pa\u00edses, com certeza essa ser\u00e1 uma grande oportunidade de aprendizado e de neg\u00f3cios\u201d.<\/p>\n\n\n\n<p>O \u00faltimo embarque ser\u00e1 para a China (Shenzhen, Pequim e Baoding). A comitiva vai visitar empresas e uma feira para atrair neg\u00f3cios para o Rio Grande do Sul.<\/p>\n","protected":false},"excerpt":{"rendered":"<p>O vice-prefeito de Santa Rosa, Aldemir Ulrich, foi convidado a integrar a nova miss\u00e3o do Governo do Rio Grande do<\/p>\n","protected":false},"author":6,"featured_media":11349,"comment_status":"closed","ping_status":"closed","sticky":false,"template":"","format":"standard","meta":{"footnotes":""},"categories":[4,9],"tags":[],"class_list":["post-11344","post","type-post","status-publish","format-standard","has-post-thumbnail","hentry","category-noticias","category-gabinete-do-vice-prefeito"],"aioseo_notices":[],"_links":{"self":[{"href":"https:\/\/prefeitura.santarosa.rs.gov.br\/index.php?rest_route=\/wp\/v2\/posts\/11344","targetHints":{"allow":["GET"]}}],"collection":[{"href":"https:\/\/prefeitura.santarosa.rs.gov.br\/index.php?rest_route=\/wp\/v2\/posts"}],"about":[{"href":"https:\/\/prefeitura.santarosa.rs.gov.br\/index.php?rest_route=\/wp\/v2\/types\/post"}],"author":[{"embeddable":true,"href":"https:\/\/prefeitura.santarosa.rs.gov.br\/index.php?rest_route=\/wp\/v2\/users\/6"}],"replies":[{"embeddable":true,"href":"https:\/\/prefeitura.santarosa.rs.gov.br\/index.php?rest_route=%2Fwp%2Fv2%2Fcomments&post=11344"}],"version-history":[{"count":1,"href":"https:\/\/prefeitura.santarosa.rs.gov.br\/index.php?rest_route=\/wp\/v2\/posts\/11344\/revisions"}],"predecessor-version":[{"id":11346,"href":"https:\/\/prefeitura.santarosa.rs.gov.br\/index.php?rest_route=\/wp\/v2\/posts\/11344\/revisions\/11346"}],"wp:featuredmedia":[{"embeddable":true,"href":"https:\/\/prefeitura.santarosa.rs.gov.br\/index.php?rest_route=\/wp\/v2\/media\/11349"}],"wp:attachment":[{"href":"https:\/\/prefeitura.santarosa.rs.gov.br\/index.php?rest_route=%2Fwp%2Fv2%2Fmedia&parent=11344"}],"wp:term":[{"taxonomy":"category","embeddable":true,"href":"https:\/\/prefeitura.santarosa.rs.gov.br\/index.php?rest_route=%2Fwp%2Fv2%2Fcategories&post=11344"},{"taxonomy":"post_tag","embeddable":true,"href":"https:\/\/prefeitura.santarosa.rs.gov.br\/index.php?rest_route=%2Fwp%2Fv2%2Ftags&post=11344"}],"curies":[{"name":"wp","href":"https:\/\/api.w.org\/{rel}","templated":true}]}}