{"id":1134,"date":"2021-07-27T16:33:00","date_gmt":"2021-07-27T19:33:00","guid":{"rendered":"https:\/\/prefeitura.santarosa.rs.gov.br\/?p=1134"},"modified":"2024-10-07T09:55:00","modified_gmt":"2024-10-07T12:55:00","slug":"praca-vai-receber-monumento-de-cristovao-colombo","status":"publish","type":"post","link":"https:\/\/prefeitura.santarosa.rs.gov.br\/?p=1134","title":{"rendered":"Pra\u00e7a vai receber monumento de Crist\u00f3v\u00e3o Colombo"},"content":{"rendered":"\n<p>A est\u00e1tua foi inaugurada em 1925, sendo uma homenagem aos 50 anos da coloniza\u00e7\u00e3o italiana no munic\u00edpio.<\/p>\n\n\n\n<p>No mundo, existem 3 monumentos em tamanho natural do Crist\u00f3v\u00e3o Colombo. Um deles est\u00e1 em Santa Rosa. A est\u00e1tua foi inaugurada em 1925, sendo uma homenagem aos 50 anos da coloniza\u00e7\u00e3o italiana no munic\u00edpio. H\u00e1 alguns anos o monumento foi retirado da Pra\u00e7a Constantino B. Bortoli em fun\u00e7\u00e3o da deteriora\u00e7\u00e3o.<\/p>\n\n\n\n<p>No in\u00edcio do Governo, o prefeito Anderson Mantei solicitou a restaura\u00e7\u00e3o e um local especial para colocar o monumento, \u201cPrecisamos preservar nossa hist\u00f3ria e tudo que faz parte da constru\u00e7\u00e3o e do desenvolvimento de Santa Rosa. Esse monumento tem um significado muito importante para as fam\u00edlias italianas de Santa Rosa e da regi\u00e3o\u201d. Desde fevereiro, a Secretaria de Desenvolvimento Econ\u00f4mico e Turismo vem trabalhando com esse projeto de restaura\u00e7\u00e3o. Diversas avalia\u00e7\u00f5es foram feitas at\u00e9 o encaminhamento para a restaura\u00e7\u00e3o. Uma equipe da Secretaria levou o monumento para a capital, onde est\u00e1 sendo restaurado por Luiz Henrique Maya que trabalha com obras de arte em metal em todo o pa\u00eds. Ele fez a avalia\u00e7\u00e3o t\u00e9cnica e est\u00e1 fazendo a restaura\u00e7\u00e3o no monumento confeccionado em cobre vermelho.<\/p>\n\n\n\n<p>A pra\u00e7a localizada em frente ao antigo Liminha est\u00e1 sendo revitalizada pela Secretaria de Obras. Est\u00e1 sendo instalado um parque infantil, bancos e ilumina\u00e7\u00e3o. Um espa\u00e7o especial tamb\u00e9m est\u00e1 sendo organizado para instalar novamente o monumento, \u201cEstamos organizando uma \u00e1rea de lazer e turismo. Nossa equipe est\u00e1 trabalhando nessa obra e esperamos entregar no m\u00eas do anivers\u00e1rio do munic\u00edpio\u201d, de acordo com Secret\u00e1rio de Obras, Rodrigo Burkle. A inten\u00e7\u00e3o \u00e9 que tudo fique pronto para as comemora\u00e7\u00f5es dos 90 anos de Santa Rosa.<\/p>\n","protected":false},"excerpt":{"rendered":"<p>A est\u00e1tua foi inaugurada em 1925, sendo uma homenagem aos 50 anos da coloniza\u00e7\u00e3o italiana no munic\u00edpio. No mundo, existem<\/p>\n","protected":false},"author":3,"featured_media":1135,"comment_status":"open","ping_status":"open","sticky":false,"template":"","format":"standard","meta":{"footnotes":""},"categories":[4,21],"tags":[],"class_list":["post-1134","post","type-post","status-publish","format-standard","has-post-thumbnail","hentry","category-noticias","category-secretaria-municipal-de-obras"],"aioseo_notices":[],"_links":{"self":[{"href":"https:\/\/prefeitura.santarosa.rs.gov.br\/index.php?rest_route=\/wp\/v2\/posts\/1134","targetHints":{"allow":["GET"]}}],"collection":[{"href":"https:\/\/prefeitura.santarosa.rs.gov.br\/index.php?rest_route=\/wp\/v2\/posts"}],"about":[{"href":"https:\/\/prefeitura.santarosa.rs.gov.br\/index.php?rest_route=\/wp\/v2\/types\/post"}],"author":[{"embeddable":true,"href":"https:\/\/prefeitura.santarosa.rs.gov.br\/index.php?rest_route=\/wp\/v2\/users\/3"}],"replies":[{"embeddable":true,"href":"https:\/\/prefeitura.santarosa.rs.gov.br\/index.php?rest_route=%2Fwp%2Fv2%2Fcomments&post=1134"}],"version-history":[{"count":1,"href":"https:\/\/prefeitura.santarosa.rs.gov.br\/index.php?rest_route=\/wp\/v2\/posts\/1134\/revisions"}],"predecessor-version":[{"id":1136,"href":"https:\/\/prefeitura.santarosa.rs.gov.br\/index.php?rest_route=\/wp\/v2\/posts\/1134\/revisions\/1136"}],"wp:featuredmedia":[{"embeddable":true,"href":"https:\/\/prefeitura.santarosa.rs.gov.br\/index.php?rest_route=\/wp\/v2\/media\/1135"}],"wp:attachment":[{"href":"https:\/\/prefeitura.santarosa.rs.gov.br\/index.php?rest_route=%2Fwp%2Fv2%2Fmedia&parent=1134"}],"wp:term":[{"taxonomy":"category","embeddable":true,"href":"https:\/\/prefeitura.santarosa.rs.gov.br\/index.php?rest_route=%2Fwp%2Fv2%2Fcategories&post=1134"},{"taxonomy":"post_tag","embeddable":true,"href":"https:\/\/prefeitura.santarosa.rs.gov.br\/index.php?rest_route=%2Fwp%2Fv2%2Ftags&post=1134"}],"curies":[{"name":"wp","href":"https:\/\/api.w.org\/{rel}","templated":true}]}}