{"id":11335,"date":"2024-11-13T13:57:06","date_gmt":"2024-11-13T16:57:06","guid":{"rendered":"https:\/\/prefeitura.santarosa.rs.gov.br\/?p=11335"},"modified":"2024-11-13T14:36:48","modified_gmt":"2024-11-13T17:36:48","slug":"novas-obras-de-calcamento-iniciam-em-santa-rosa","status":"publish","type":"post","link":"https:\/\/prefeitura.santarosa.rs.gov.br\/?p=11335","title":{"rendered":"Novas obras de cal\u00e7amento iniciam em Santa Rosa"},"content":{"rendered":"\n<figure class=\"wp-block-image size-full\"><img fetchpriority=\"high\" decoding=\"async\" width=\"860\" height=\"645\" src=\"https:\/\/prefeitura.santarosa.rs.gov.br\/wp-content\/uploads\/2024\/11\/Formato-Site-e-Portal-860X645-JPG-19.jpg\" alt=\"\" class=\"wp-image-11336\" srcset=\"https:\/\/prefeitura.santarosa.rs.gov.br\/wp-content\/uploads\/2024\/11\/Formato-Site-e-Portal-860X645-JPG-19.jpg 860w, https:\/\/prefeitura.santarosa.rs.gov.br\/wp-content\/uploads\/2024\/11\/Formato-Site-e-Portal-860X645-JPG-19-300x225.jpg 300w, https:\/\/prefeitura.santarosa.rs.gov.br\/wp-content\/uploads\/2024\/11\/Formato-Site-e-Portal-860X645-JPG-19-768x576.jpg 768w\" sizes=\"(max-width: 860px) 100vw, 860px\" \/><\/figure>\n\n\n\n<p>O vice-prefeito Aldemir Ulrich assinou duas importantes ordens de in\u00edcio para obras de cal\u00e7amento no munic\u00edpio de Santa Rosa. As melhorias de infraestrutura ser\u00e3o realizadas na estrada vicinal de Bela Uni\u00e3o e na Rua F\u00e9rrea\/Travessa Aracaju. Um investimento total de mais de R$ 600 mil.<\/p>\n\n\n\n<p>A pavimenta\u00e7\u00e3o na estrada vicinal de Bela Uni\u00e3o, interior de Santa Rosa, vai abranger uma \u00e1rea de 4.008 metros quadrados. No local, ser\u00e3o realizados tamb\u00e9m servi\u00e7os de sarjeta com grama, terraplanagem, drenagem e limpeza da vegeta\u00e7\u00e3o. No outro projeto aprovado, que contempla o cal\u00e7amento da Rua F\u00e9rrea\/Travessa Aracaju, no bairro Cruzeiro, as melhorias ser\u00e3o executadas em uma \u00e1rea de 449,64 metros quadrados, incluindo meio-fio e sarjeta de concreto, al\u00e9m de obras de drenagem. O vice-prefeito Aldemir Ulrich destaca a import\u00e2ncia dessas obras para o desenvolvimento da infraestrutura local, \u201cSeguimos realizando muitas obras em nossa cidade, e n\u00e3o vamos parar, pois quanto mais infraestrutura tivermos, mais estaremos preparados para desenvolver o munic\u00edpio ainda mais\u201d.<\/p>\n\n\n\n<p>O prazo para execu\u00e7\u00e3o da obra na estrada vicinal de Bela Uni\u00e3o \u00e9 de 150 dias e para a obra na Rua F\u00e9rrea\/Travessa Aracaju, 120 dias, conforme o contrato.<\/p>\n","protected":false},"excerpt":{"rendered":"<p>O vice-prefeito Aldemir Ulrich assinou duas importantes ordens de in\u00edcio para obras de cal\u00e7amento no munic\u00edpio de Santa Rosa. As<\/p>\n","protected":false},"author":6,"featured_media":11337,"comment_status":"closed","ping_status":"closed","sticky":false,"template":"","format":"standard","meta":{"footnotes":""},"categories":[4,22],"tags":[],"class_list":["post-11335","post","type-post","status-publish","format-standard","has-post-thumbnail","hentry","category-noticias","category-secretaria-municipal-de-planejamento-e-habitacao"],"aioseo_notices":[],"_links":{"self":[{"href":"https:\/\/prefeitura.santarosa.rs.gov.br\/index.php?rest_route=\/wp\/v2\/posts\/11335","targetHints":{"allow":["GET"]}}],"collection":[{"href":"https:\/\/prefeitura.santarosa.rs.gov.br\/index.php?rest_route=\/wp\/v2\/posts"}],"about":[{"href":"https:\/\/prefeitura.santarosa.rs.gov.br\/index.php?rest_route=\/wp\/v2\/types\/post"}],"author":[{"embeddable":true,"href":"https:\/\/prefeitura.santarosa.rs.gov.br\/index.php?rest_route=\/wp\/v2\/users\/6"}],"replies":[{"embeddable":true,"href":"https:\/\/prefeitura.santarosa.rs.gov.br\/index.php?rest_route=%2Fwp%2Fv2%2Fcomments&post=11335"}],"version-history":[{"count":2,"href":"https:\/\/prefeitura.santarosa.rs.gov.br\/index.php?rest_route=\/wp\/v2\/posts\/11335\/revisions"}],"predecessor-version":[{"id":11340,"href":"https:\/\/prefeitura.santarosa.rs.gov.br\/index.php?rest_route=\/wp\/v2\/posts\/11335\/revisions\/11340"}],"wp:featuredmedia":[{"embeddable":true,"href":"https:\/\/prefeitura.santarosa.rs.gov.br\/index.php?rest_route=\/wp\/v2\/media\/11337"}],"wp:attachment":[{"href":"https:\/\/prefeitura.santarosa.rs.gov.br\/index.php?rest_route=%2Fwp%2Fv2%2Fmedia&parent=11335"}],"wp:term":[{"taxonomy":"category","embeddable":true,"href":"https:\/\/prefeitura.santarosa.rs.gov.br\/index.php?rest_route=%2Fwp%2Fv2%2Fcategories&post=11335"},{"taxonomy":"post_tag","embeddable":true,"href":"https:\/\/prefeitura.santarosa.rs.gov.br\/index.php?rest_route=%2Fwp%2Fv2%2Ftags&post=11335"}],"curies":[{"name":"wp","href":"https:\/\/api.w.org\/{rel}","templated":true}]}}