{"id":11331,"date":"2024-11-13T10:06:23","date_gmt":"2024-11-13T13:06:23","guid":{"rendered":"https:\/\/prefeitura.santarosa.rs.gov.br\/?p=11331"},"modified":"2024-11-13T10:06:24","modified_gmt":"2024-11-13T13:06:24","slug":"secretario-odaylson-participa-de-reuniao-estrategica-sobre-o-tecnopuc-santa-rosa","status":"publish","type":"post","link":"https:\/\/prefeitura.santarosa.rs.gov.br\/?p=11331","title":{"rendered":"Secret\u00e1rio Odaylson participa de reuni\u00e3o estrat\u00e9gica sobre o Tecnopuc Santa Rosa"},"content":{"rendered":"\n<figure class=\"wp-block-image size-full\"><img fetchpriority=\"high\" decoding=\"async\" width=\"860\" height=\"645\" src=\"https:\/\/prefeitura.santarosa.rs.gov.br\/wp-content\/uploads\/2024\/11\/Formato-Site-e-Portal-860X645-JPG-18.jpg\" alt=\"\" class=\"wp-image-11332\" srcset=\"https:\/\/prefeitura.santarosa.rs.gov.br\/wp-content\/uploads\/2024\/11\/Formato-Site-e-Portal-860X645-JPG-18.jpg 860w, https:\/\/prefeitura.santarosa.rs.gov.br\/wp-content\/uploads\/2024\/11\/Formato-Site-e-Portal-860X645-JPG-18-300x225.jpg 300w, https:\/\/prefeitura.santarosa.rs.gov.br\/wp-content\/uploads\/2024\/11\/Formato-Site-e-Portal-860X645-JPG-18-768x576.jpg 768w\" sizes=\"(max-width: 860px) 100vw, 860px\" \/><\/figure>\n\n\n\n<p>Dando sequ\u00eancia \u00e0 evolu\u00e7\u00e3o da constitui\u00e7\u00e3o do Hub de Inova\u00e7\u00e3o no Agro do Noroeste do RS, foi realizada nesta ter\u00e7a-feira (12), em Porto Alegre, uma estrat\u00e9gica reuni\u00e3o com lideran\u00e7as. O Secret\u00e1rio de Desenvolvimento Econ\u00f4mico, Turismo e Tecnologia de Santa Rosa, Odaylson Eder, esteve reunido com o Presidente do Badesul Desenvolvimento, Sr. Claudio Gastal e sua equipe de gest\u00e3o. O objetivo foi alinhar e integrar a\u00e7\u00f5es para este importante projeto.<\/p>\n\n\n\n<p>A a\u00e7\u00e3o contou tamb\u00e9m com a participa\u00e7\u00e3o do diretor do TecnoPuc, Dr. Lu\u00eds Humberto Villwock e do Dr. Guilherme Rezende Muniz.<\/p>\n\n\n\n<p>A instala\u00e7\u00e3o do Celeiro AgFood Hub Santa Rosa est\u00e1 sendo coordenada em parceria pela Prefeitura e pela PUC\/RS.<\/p>\n","protected":false},"excerpt":{"rendered":"<p>Dando sequ\u00eancia \u00e0 evolu\u00e7\u00e3o da constitui\u00e7\u00e3o do Hub de Inova\u00e7\u00e3o no Agro do Noroeste do RS, foi realizada nesta ter\u00e7a-feira<\/p>\n","protected":false},"author":6,"featured_media":11333,"comment_status":"closed","ping_status":"closed","sticky":false,"template":"","format":"standard","meta":{"footnotes":""},"categories":[4,16],"tags":[],"class_list":["post-11331","post","type-post","status-publish","format-standard","has-post-thumbnail","hentry","category-noticias","category-secretaria-municipal-de-desenvolvimento-economico-turismo-e-tecnologia"],"aioseo_notices":[],"_links":{"self":[{"href":"https:\/\/prefeitura.santarosa.rs.gov.br\/index.php?rest_route=\/wp\/v2\/posts\/11331","targetHints":{"allow":["GET"]}}],"collection":[{"href":"https:\/\/prefeitura.santarosa.rs.gov.br\/index.php?rest_route=\/wp\/v2\/posts"}],"about":[{"href":"https:\/\/prefeitura.santarosa.rs.gov.br\/index.php?rest_route=\/wp\/v2\/types\/post"}],"author":[{"embeddable":true,"href":"https:\/\/prefeitura.santarosa.rs.gov.br\/index.php?rest_route=\/wp\/v2\/users\/6"}],"replies":[{"embeddable":true,"href":"https:\/\/prefeitura.santarosa.rs.gov.br\/index.php?rest_route=%2Fwp%2Fv2%2Fcomments&post=11331"}],"version-history":[{"count":1,"href":"https:\/\/prefeitura.santarosa.rs.gov.br\/index.php?rest_route=\/wp\/v2\/posts\/11331\/revisions"}],"predecessor-version":[{"id":11334,"href":"https:\/\/prefeitura.santarosa.rs.gov.br\/index.php?rest_route=\/wp\/v2\/posts\/11331\/revisions\/11334"}],"wp:featuredmedia":[{"embeddable":true,"href":"https:\/\/prefeitura.santarosa.rs.gov.br\/index.php?rest_route=\/wp\/v2\/media\/11333"}],"wp:attachment":[{"href":"https:\/\/prefeitura.santarosa.rs.gov.br\/index.php?rest_route=%2Fwp%2Fv2%2Fmedia&parent=11331"}],"wp:term":[{"taxonomy":"category","embeddable":true,"href":"https:\/\/prefeitura.santarosa.rs.gov.br\/index.php?rest_route=%2Fwp%2Fv2%2Fcategories&post=11331"},{"taxonomy":"post_tag","embeddable":true,"href":"https:\/\/prefeitura.santarosa.rs.gov.br\/index.php?rest_route=%2Fwp%2Fv2%2Ftags&post=11331"}],"curies":[{"name":"wp","href":"https:\/\/api.w.org\/{rel}","templated":true}]}}