{"id":11326,"date":"2024-11-12T17:03:46","date_gmt":"2024-11-12T20:03:46","guid":{"rendered":"https:\/\/prefeitura.santarosa.rs.gov.br\/?p=11326"},"modified":"2024-11-12T17:04:36","modified_gmt":"2024-11-12T20:04:36","slug":"obra-de-revitalizacao-da-estacao-ferrea-esta-15-concluida","status":"publish","type":"post","link":"https:\/\/prefeitura.santarosa.rs.gov.br\/?p=11326","title":{"rendered":"Obra de revitaliza\u00e7\u00e3o da Esta\u00e7\u00e3o F\u00e9rrea est\u00e1 15% conclu\u00edda"},"content":{"rendered":"\n<figure class=\"wp-block-image size-large\"><img fetchpriority=\"high\" decoding=\"async\" width=\"1024\" height=\"768\" src=\"https:\/\/prefeitura.santarosa.rs.gov.br\/wp-content\/uploads\/2024\/11\/Formato-Site-e-Portal-860X645-JPG-17-1024x768.jpg\" alt=\"\" class=\"wp-image-11327\" srcset=\"https:\/\/prefeitura.santarosa.rs.gov.br\/wp-content\/uploads\/2024\/11\/Formato-Site-e-Portal-860X645-JPG-17-1024x768.jpg 1024w, https:\/\/prefeitura.santarosa.rs.gov.br\/wp-content\/uploads\/2024\/11\/Formato-Site-e-Portal-860X645-JPG-17-300x225.jpg 300w, https:\/\/prefeitura.santarosa.rs.gov.br\/wp-content\/uploads\/2024\/11\/Formato-Site-e-Portal-860X645-JPG-17-768x576.jpg 768w, https:\/\/prefeitura.santarosa.rs.gov.br\/wp-content\/uploads\/2024\/11\/Formato-Site-e-Portal-860X645-JPG-17.jpg 1398w\" sizes=\"(max-width: 1024px) 100vw, 1024px\" \/><\/figure>\n\n\n\n<p>A obra de revitaliza\u00e7\u00e3o da antiga Esta\u00e7\u00e3o F\u00e9rrea de Santa Rosa avan\u00e7a e j\u00e1 est\u00e1 com 15% das interven\u00e7\u00f5es conclu\u00eddas. Importante destacar que o estilo e o design original do pr\u00e9dio ser\u00e3o preservados. Antes do in\u00edcio dos trabalhos, o telhado de madeira, que estava comprometido, foi removido e ser\u00e1 reconstru\u00eddo com as mesmas caracter\u00edsticas originais.<\/p>\n\n\n\n<p>A revitaliza\u00e7\u00e3o da esta\u00e7\u00e3o, al\u00e9m de preservar o patrim\u00f4nio hist\u00f3rico, visa modernizar o espa\u00e7o que abrigava a esta\u00e7\u00e3o, o museu municipal e seu entorno, transformando-o em um ambiente convidativo para a comunidade. O investimento de mais de R$ 1,2 milh\u00e3o, de recursos pr\u00f3prios, permitir\u00e1 a cria\u00e7\u00e3o de \u00e1reas como uma passarela, um deck de madeira resistente \u00e0s condi\u00e7\u00f5es clim\u00e1ticas e um espa\u00e7o kids com piso emborrachado e equipamentos infantis. O prefeito Anderson Mantei destaca que o projeto ser\u00e1 mais um ponto tur\u00edstico de Santa Rosa, \u201cA revitaliza\u00e7\u00e3o da antiga Esta\u00e7\u00e3o F\u00e9rrea representa nosso compromisso em preservar a hist\u00f3ria da cidade, enquanto modernizamos os espa\u00e7os para a conviv\u00eancia da comunidade. Estamos garantindo um ambiente confort\u00e1vel e funcional para as fam\u00edlias, que v\u00e3o poder desfrutar de um local que agrega lazer, cultura e gastronomia\u201d.<\/p>\n\n\n\n<p>Com execu\u00e7\u00e3o prevista at\u00e9 agosto de 2025, a obra seguir\u00e1 para a fase de levantamento de alvenarias e da nova cobertura ap\u00f3s a conclus\u00e3o das demoli\u00e7\u00f5es. Posteriormente, ser\u00e1 realizada uma nova licita\u00e7\u00e3o para a concess\u00e3o do espa\u00e7o.<\/p>\n\n\n\n<p>Projeto: EVLO Arquitetura<\/p>\n","protected":false},"excerpt":{"rendered":"<p>A obra de revitaliza\u00e7\u00e3o da antiga Esta\u00e7\u00e3o F\u00e9rrea de Santa Rosa avan\u00e7a e j\u00e1 est\u00e1 com 15% das interven\u00e7\u00f5es conclu\u00eddas.<\/p>\n","protected":false},"author":6,"featured_media":11328,"comment_status":"closed","ping_status":"closed","sticky":false,"template":"","format":"standard","meta":{"footnotes":""},"categories":[4,22],"tags":[],"class_list":["post-11326","post","type-post","status-publish","format-standard","has-post-thumbnail","hentry","category-noticias","category-secretaria-municipal-de-planejamento-e-habitacao"],"aioseo_notices":[],"_links":{"self":[{"href":"https:\/\/prefeitura.santarosa.rs.gov.br\/index.php?rest_route=\/wp\/v2\/posts\/11326","targetHints":{"allow":["GET"]}}],"collection":[{"href":"https:\/\/prefeitura.santarosa.rs.gov.br\/index.php?rest_route=\/wp\/v2\/posts"}],"about":[{"href":"https:\/\/prefeitura.santarosa.rs.gov.br\/index.php?rest_route=\/wp\/v2\/types\/post"}],"author":[{"embeddable":true,"href":"https:\/\/prefeitura.santarosa.rs.gov.br\/index.php?rest_route=\/wp\/v2\/users\/6"}],"replies":[{"embeddable":true,"href":"https:\/\/prefeitura.santarosa.rs.gov.br\/index.php?rest_route=%2Fwp%2Fv2%2Fcomments&post=11326"}],"version-history":[{"count":1,"href":"https:\/\/prefeitura.santarosa.rs.gov.br\/index.php?rest_route=\/wp\/v2\/posts\/11326\/revisions"}],"predecessor-version":[{"id":11329,"href":"https:\/\/prefeitura.santarosa.rs.gov.br\/index.php?rest_route=\/wp\/v2\/posts\/11326\/revisions\/11329"}],"wp:featuredmedia":[{"embeddable":true,"href":"https:\/\/prefeitura.santarosa.rs.gov.br\/index.php?rest_route=\/wp\/v2\/media\/11328"}],"wp:attachment":[{"href":"https:\/\/prefeitura.santarosa.rs.gov.br\/index.php?rest_route=%2Fwp%2Fv2%2Fmedia&parent=11326"}],"wp:term":[{"taxonomy":"category","embeddable":true,"href":"https:\/\/prefeitura.santarosa.rs.gov.br\/index.php?rest_route=%2Fwp%2Fv2%2Fcategories&post=11326"},{"taxonomy":"post_tag","embeddable":true,"href":"https:\/\/prefeitura.santarosa.rs.gov.br\/index.php?rest_route=%2Fwp%2Fv2%2Ftags&post=11326"}],"curies":[{"name":"wp","href":"https:\/\/api.w.org\/{rel}","templated":true}]}}