{"id":11317,"date":"2024-11-12T14:37:37","date_gmt":"2024-11-12T17:37:37","guid":{"rendered":"https:\/\/prefeitura.santarosa.rs.gov.br\/?p=11317"},"modified":"2024-11-13T14:41:12","modified_gmt":"2024-11-13T17:41:12","slug":"santa-rosa-e-destaque-no-1o-festival-missoes-em-danca","status":"publish","type":"post","link":"https:\/\/prefeitura.santarosa.rs.gov.br\/?p=11317","title":{"rendered":"Santa Rosa \u00e9 destaque no 1\u00ba Festival Miss\u00f5es em Dan\u00e7a"},"content":{"rendered":"\n<figure class=\"wp-block-image size-large\"><img fetchpriority=\"high\" decoding=\"async\" width=\"1024\" height=\"768\" src=\"https:\/\/prefeitura.santarosa.rs.gov.br\/wp-content\/uploads\/2024\/11\/Formato-Site-e-Portal-860X645-JPG-1024x768.png\" alt=\"\" class=\"wp-image-11318\" srcset=\"https:\/\/prefeitura.santarosa.rs.gov.br\/wp-content\/uploads\/2024\/11\/Formato-Site-e-Portal-860X645-JPG-1024x768.png 1024w, https:\/\/prefeitura.santarosa.rs.gov.br\/wp-content\/uploads\/2024\/11\/Formato-Site-e-Portal-860X645-JPG-300x225.png 300w, https:\/\/prefeitura.santarosa.rs.gov.br\/wp-content\/uploads\/2024\/11\/Formato-Site-e-Portal-860X645-JPG-768x576.png 768w, https:\/\/prefeitura.santarosa.rs.gov.br\/wp-content\/uploads\/2024\/11\/Formato-Site-e-Portal-860X645-JPG-1536x1152.png 1536w, https:\/\/prefeitura.santarosa.rs.gov.br\/wp-content\/uploads\/2024\/11\/Formato-Site-e-Portal-860X645-JPG-2048x1536.png 2048w\" sizes=\"(max-width: 1024px) 100vw, 1024px\" \/><\/figure>\n\n\n\n<p>Participantes do projeto Santa Rosa em Dan\u00e7a, das oficinas culturais e pedag\u00f3gicas do munic\u00edpio, foram premiados no \u00faltimo final de semana. Os alunos se apresentaram durante o 1\u00ba Festival Miss\u00f5es em Dan\u00e7a, em Santo \u00c2ngelo. Ao todo, Santa Rosa conquistou oito premia\u00e7\u00f5es:<\/p>\n\n\n\n<p>\u2022 1\u00ba lugar (grupo) &#8211; Dan\u00e7as Urbanas, Categoria Infantil &#8211; Cia Santa Rosa Dan\u00e7a Kids<br>\u2022 1\u00b0 lugar (grupo) &#8211; Dan\u00e7as Urbanas, Categoria J\u00fanior<br>\u2022 1\u00ba lugar (dueto juvenil) &#8211; Dan\u00e7a Flamenca<br>\u2022 1\u00ba lugar (solo feminino) &#8211; Ballet Cl\u00e1ssico Infantil<br>\u2022 1\u00ba lugar (solo feminino) &#8211; Dan\u00e7as Urbanas, Categoria Infantil<br>\u2022 2\u00ba lugar (trio) &#8211; Categoria J\u00fanior &#8211; Dan\u00e7a Flamenca<br>\u2022 2\u00b0 lugar (solo feminino) &#8211; Estilo Livre, Categoria J\u00fanior<br>\u2022 3\u00ba lugar (duo) Estilo Livre &#8211; Categoria Juvenil<\/p>\n\n\n\n<p>O projeto das oficinas de dan\u00e7a \u00e9 realizado nas escolas municipais de Santa Rosa e no Centro Cultural, sob a coordena\u00e7\u00e3o da Secretaria de Educa\u00e7\u00e3o e Cultura. A a\u00e7\u00e3o acontece em parceria com a Academia Drag\u00f5es do Oriente e conta com uma equipe t\u00e9cnica de profissionais que orientam os alunos inscritos.<\/p>\n","protected":false},"excerpt":{"rendered":"<p>Participantes do projeto Santa Rosa em Dan\u00e7a, das oficinas culturais e pedag\u00f3gicas do munic\u00edpio, foram premiados no \u00faltimo final de<\/p>\n","protected":false},"author":6,"featured_media":11319,"comment_status":"closed","ping_status":"closed","sticky":false,"template":"","format":"standard","meta":{"footnotes":""},"categories":[4,18],"tags":[],"class_list":["post-11317","post","type-post","status-publish","format-standard","has-post-thumbnail","hentry","category-noticias","category-secretaria-municipal-de-educacao-e-cultura"],"aioseo_notices":[],"_links":{"self":[{"href":"https:\/\/prefeitura.santarosa.rs.gov.br\/index.php?rest_route=\/wp\/v2\/posts\/11317","targetHints":{"allow":["GET"]}}],"collection":[{"href":"https:\/\/prefeitura.santarosa.rs.gov.br\/index.php?rest_route=\/wp\/v2\/posts"}],"about":[{"href":"https:\/\/prefeitura.santarosa.rs.gov.br\/index.php?rest_route=\/wp\/v2\/types\/post"}],"author":[{"embeddable":true,"href":"https:\/\/prefeitura.santarosa.rs.gov.br\/index.php?rest_route=\/wp\/v2\/users\/6"}],"replies":[{"embeddable":true,"href":"https:\/\/prefeitura.santarosa.rs.gov.br\/index.php?rest_route=%2Fwp%2Fv2%2Fcomments&post=11317"}],"version-history":[{"count":2,"href":"https:\/\/prefeitura.santarosa.rs.gov.br\/index.php?rest_route=\/wp\/v2\/posts\/11317\/revisions"}],"predecessor-version":[{"id":11341,"href":"https:\/\/prefeitura.santarosa.rs.gov.br\/index.php?rest_route=\/wp\/v2\/posts\/11317\/revisions\/11341"}],"wp:featuredmedia":[{"embeddable":true,"href":"https:\/\/prefeitura.santarosa.rs.gov.br\/index.php?rest_route=\/wp\/v2\/media\/11319"}],"wp:attachment":[{"href":"https:\/\/prefeitura.santarosa.rs.gov.br\/index.php?rest_route=%2Fwp%2Fv2%2Fmedia&parent=11317"}],"wp:term":[{"taxonomy":"category","embeddable":true,"href":"https:\/\/prefeitura.santarosa.rs.gov.br\/index.php?rest_route=%2Fwp%2Fv2%2Fcategories&post=11317"},{"taxonomy":"post_tag","embeddable":true,"href":"https:\/\/prefeitura.santarosa.rs.gov.br\/index.php?rest_route=%2Fwp%2Fv2%2Ftags&post=11317"}],"curies":[{"name":"wp","href":"https:\/\/api.w.org\/{rel}","templated":true}]}}