{"id":11308,"date":"2024-11-12T07:52:42","date_gmt":"2024-11-12T10:52:42","guid":{"rendered":"https:\/\/prefeitura.santarosa.rs.gov.br\/?p=11308"},"modified":"2024-11-12T07:52:42","modified_gmt":"2024-11-12T10:52:42","slug":"bairro-timbauva-e-contemplado-com-obras-estruturantes-de-r-22-milhoes","status":"publish","type":"post","link":"https:\/\/prefeitura.santarosa.rs.gov.br\/?p=11308","title":{"rendered":"Bairro Timba\u00fava \u00e9 contemplado com obras estruturantes de R$ 2,2 milh\u00f5es"},"content":{"rendered":"\n<figure class=\"wp-block-image size-full\"><img fetchpriority=\"high\" decoding=\"async\" width=\"860\" height=\"645\" src=\"https:\/\/prefeitura.santarosa.rs.gov.br\/wp-content\/uploads\/2024\/11\/Formato-Site-e-Portal-860X645-JPG-12.jpg\" alt=\"\" class=\"wp-image-11309\" srcset=\"https:\/\/prefeitura.santarosa.rs.gov.br\/wp-content\/uploads\/2024\/11\/Formato-Site-e-Portal-860X645-JPG-12.jpg 860w, https:\/\/prefeitura.santarosa.rs.gov.br\/wp-content\/uploads\/2024\/11\/Formato-Site-e-Portal-860X645-JPG-12-300x225.jpg 300w, https:\/\/prefeitura.santarosa.rs.gov.br\/wp-content\/uploads\/2024\/11\/Formato-Site-e-Portal-860X645-JPG-12-768x576.jpg 768w\" sizes=\"(max-width: 860px) 100vw, 860px\" \/><\/figure>\n\n\n\n<p>O bairro Timba\u00fava, em Santa Rosa, ser\u00e1 contemplado com tr\u00eas importantes obras de pavimenta\u00e7\u00e3o asf\u00e1ltica e drenagem. Um investimento que ultrapassa R$ 2,2 milh\u00f5es. A ordem de in\u00edcio foi assinada nesta segunda-feira (11), na Prefeitura, com a presen\u00e7a de vereadores e moradores locais.<\/p>\n\n\n\n<p>As obras incluem a pavimenta\u00e7\u00e3o de trechos estrat\u00e9gicos: a Avenida Perimetral, entre a Avenida Inhacor\u00e1 e a Rua Dr. Francisco Timm; a Rua Pirap\u00f3, no trecho entre a Rua Prenda e a Rua Dr. Francisco Timm; e a Rua Prenda, entre a Avenida Perimetral e a Rua Pirap\u00f3. No total, a \u00e1rea beneficiada ser\u00e1 de 8.261,84 metros quadrados.<\/p>\n\n\n\n<p>As melhorias atendem a uma demanda antiga dos moradores do bairro e v\u00e3o proporcionar mais seguran\u00e7a e tranquilidade para as fam\u00edlias. Andr\u00e9 Luis Antunes, morador da Rua Pirap\u00f3, celebrou a iniciativa, ressaltando o impacto positivo da obra para a comunidade, \u201cCom certeza, essa obra vai nos ajudar muito, porque as \u00faltimas chuvas fortes que atingiram a cidade acabaram entrando dentro das casas. Agora, com essa obra, vamos ter um escoamento melhor da \u00e1gua, evitando que enchentes aconte\u00e7am\u201d.<\/p>\n\n\n\n<p>Al\u00e9m do asfalto, ser\u00e3o executadas sarjetas, alargamento das vias e sinaliza\u00e7\u00e3o horizontal e vertical. O prazo de conclus\u00e3o das obras \u00e9 de 120 dias para as ruas Pirap\u00f3 e Prenda e de 150 dias para a Avenida Perimetral, conforme especificado no contrato.<\/p>\n\n\n\n<p><\/p>\n","protected":false},"excerpt":{"rendered":"<p>O bairro Timba\u00fava, em Santa Rosa, ser\u00e1 contemplado com tr\u00eas importantes obras de pavimenta\u00e7\u00e3o asf\u00e1ltica e drenagem. Um investimento que<\/p>\n","protected":false},"author":6,"featured_media":11310,"comment_status":"closed","ping_status":"closed","sticky":false,"template":"","format":"standard","meta":{"footnotes":""},"categories":[4,22],"tags":[],"class_list":["post-11308","post","type-post","status-publish","format-standard","has-post-thumbnail","hentry","category-noticias","category-secretaria-municipal-de-planejamento-e-habitacao"],"aioseo_notices":[],"_links":{"self":[{"href":"https:\/\/prefeitura.santarosa.rs.gov.br\/index.php?rest_route=\/wp\/v2\/posts\/11308","targetHints":{"allow":["GET"]}}],"collection":[{"href":"https:\/\/prefeitura.santarosa.rs.gov.br\/index.php?rest_route=\/wp\/v2\/posts"}],"about":[{"href":"https:\/\/prefeitura.santarosa.rs.gov.br\/index.php?rest_route=\/wp\/v2\/types\/post"}],"author":[{"embeddable":true,"href":"https:\/\/prefeitura.santarosa.rs.gov.br\/index.php?rest_route=\/wp\/v2\/users\/6"}],"replies":[{"embeddable":true,"href":"https:\/\/prefeitura.santarosa.rs.gov.br\/index.php?rest_route=%2Fwp%2Fv2%2Fcomments&post=11308"}],"version-history":[{"count":1,"href":"https:\/\/prefeitura.santarosa.rs.gov.br\/index.php?rest_route=\/wp\/v2\/posts\/11308\/revisions"}],"predecessor-version":[{"id":11311,"href":"https:\/\/prefeitura.santarosa.rs.gov.br\/index.php?rest_route=\/wp\/v2\/posts\/11308\/revisions\/11311"}],"wp:featuredmedia":[{"embeddable":true,"href":"https:\/\/prefeitura.santarosa.rs.gov.br\/index.php?rest_route=\/wp\/v2\/media\/11310"}],"wp:attachment":[{"href":"https:\/\/prefeitura.santarosa.rs.gov.br\/index.php?rest_route=%2Fwp%2Fv2%2Fmedia&parent=11308"}],"wp:term":[{"taxonomy":"category","embeddable":true,"href":"https:\/\/prefeitura.santarosa.rs.gov.br\/index.php?rest_route=%2Fwp%2Fv2%2Fcategories&post=11308"},{"taxonomy":"post_tag","embeddable":true,"href":"https:\/\/prefeitura.santarosa.rs.gov.br\/index.php?rest_route=%2Fwp%2Fv2%2Ftags&post=11308"}],"curies":[{"name":"wp","href":"https:\/\/api.w.org\/{rel}","templated":true}]}}