{"id":1130,"date":"2021-07-28T13:16:00","date_gmt":"2021-07-28T16:16:00","guid":{"rendered":"https:\/\/prefeitura.santarosa.rs.gov.br\/?p=1130"},"modified":"2024-10-07T09:55:00","modified_gmt":"2024-10-07T12:55:00","slug":"prefeitura-tera-grande-projeto-para-avanco-na-educacao","status":"publish","type":"post","link":"https:\/\/prefeitura.santarosa.rs.gov.br\/?p=1130","title":{"rendered":"Prefeitura ter\u00e1 grande projeto para avan\u00e7o na educa\u00e7\u00e3o"},"content":{"rendered":"\n<p>O Projeto \u201cEduca\u00e7\u00e3o: um olhar para o futuro de Santa Rosa\u201d foi realizado como base nas avalia\u00e7\u00f5es do Instituto Ayrton Senna<\/p>\n\n\n\n<p>O Instituto Ayrton Senna realizou um diagn\u00f3stico sobre a Educa\u00e7\u00e3o em Santa Rosa. Isso foi poss\u00edvel, atrav\u00e9s de uma solicita\u00e7\u00e3o do prefeito Anderson Mantei ao empres\u00e1rio Luciano Luft, que fez contato e firmou a parceria. Os dados foram repassados em abril deste ano. A partir disso, uma equipe da Prefeitura passou a trabalhar para a constru\u00e7\u00e3o de um grande projeto \u201cEduca\u00e7\u00e3o: um olhar para o futuro de Santa Rosa\u201d.<br><br>A Secretaria de Educa\u00e7\u00e3o e a Secretaria de Gest\u00e3o trabalharam durante dois meses com os dados existentes. Um diagn\u00f3stico local do primeiro trimestre de 2021 tamb\u00e9m foi realizado pela prefeitura para fazer o comparativo e avaliar as condi\u00e7\u00f5es desse ano, em fun\u00e7\u00e3o de todas as mudan\u00e7as com a pandemia. Segundo a Secret\u00e1ria de Educa\u00e7\u00e3o Lires Zimmermann, \u201cEsses dados est\u00e3o sendo extremamente importantes para conhecermos ainda melhor o cen\u00e1rio da educa\u00e7\u00e3o e poder avan\u00e7ar cada vez mais na qualifica\u00e7\u00e3o. Com o comprometimento de toda a rede vai ser poss\u00edvel termos um avan\u00e7o no desempenho da nossa educa\u00e7\u00e3o\u201d.<br><br>Nesse momento foi poss\u00edvel fazer um grande diagn\u00f3stico de todas as escolas municipais. Em Santa Rosa, os professores relataram que 50% das fam\u00edlias t\u00eam participa\u00e7\u00e3o regular na aprendizagem durante as aulas remotas. Outro dado constatado \u00e9 que 75% dos alunos da rede municipal est\u00e3o acima da m\u00e9dia. Essas e demais informa\u00e7\u00f5es serviram de base para um projeto que foi entregue e aprovado pelo prefeito Anderson Mantei, \u201cCom esses dados e com todo estudo das nossas equipes sobre a metodologia do Instituto Ayrton Senna vai ser poss\u00edvel conseguir um avan\u00e7o em nossa educa\u00e7\u00e3o. N\u00e3o vamos medir esfor\u00e7os para conseguir melhorar nosso n\u00edvel de ensino\u201d, destaca o prefeito.<br><br>O objetivo do projeto \u00e9 melhorar os \u00edndices da educa\u00e7\u00e3o b\u00e1sica da rede municipal atrav\u00e9s de novas oportunidades de aprendizagem e consolida\u00e7\u00e3o de conhecimentos. Uma das principais ferramentas, para isso, ser\u00e1 a amplia\u00e7\u00e3o das atividades em contraturno. De acordo com o Secret\u00e1rio de Gest\u00e3o, Ademir Rosa, a partir de v\u00e1rios encontros e estudos foi poss\u00edvel definir metas e a\u00e7\u00f5es que ser\u00e3o implementadas a partir desse grande projeto, \u201cN\u00f3s fizemos toda an\u00e1lise dos dados e vamos desenvolver a\u00e7\u00f5es de melhoria em toda nossa rede municipal\u201d. As avalia\u00e7\u00f5es tem como base as disciplinas de matem\u00e1tica e portugu\u00eas. O projeto abrange os 3.729 alunos matriculados entre os anos iniciais e finais do Ensino Fundamental.<\/p>\n","protected":false},"excerpt":{"rendered":"<p>O Projeto \u201cEduca\u00e7\u00e3o: um olhar para o futuro de Santa Rosa\u201d foi realizado como base nas avalia\u00e7\u00f5es do Instituto Ayrton<\/p>\n","protected":false},"author":3,"featured_media":1131,"comment_status":"open","ping_status":"open","sticky":false,"template":"","format":"standard","meta":{"footnotes":""},"categories":[4,18],"tags":[],"class_list":["post-1130","post","type-post","status-publish","format-standard","has-post-thumbnail","hentry","category-noticias","category-secretaria-municipal-de-educacao-e-cultura"],"aioseo_notices":[],"_links":{"self":[{"href":"https:\/\/prefeitura.santarosa.rs.gov.br\/index.php?rest_route=\/wp\/v2\/posts\/1130","targetHints":{"allow":["GET"]}}],"collection":[{"href":"https:\/\/prefeitura.santarosa.rs.gov.br\/index.php?rest_route=\/wp\/v2\/posts"}],"about":[{"href":"https:\/\/prefeitura.santarosa.rs.gov.br\/index.php?rest_route=\/wp\/v2\/types\/post"}],"author":[{"embeddable":true,"href":"https:\/\/prefeitura.santarosa.rs.gov.br\/index.php?rest_route=\/wp\/v2\/users\/3"}],"replies":[{"embeddable":true,"href":"https:\/\/prefeitura.santarosa.rs.gov.br\/index.php?rest_route=%2Fwp%2Fv2%2Fcomments&post=1130"}],"version-history":[{"count":1,"href":"https:\/\/prefeitura.santarosa.rs.gov.br\/index.php?rest_route=\/wp\/v2\/posts\/1130\/revisions"}],"predecessor-version":[{"id":1132,"href":"https:\/\/prefeitura.santarosa.rs.gov.br\/index.php?rest_route=\/wp\/v2\/posts\/1130\/revisions\/1132"}],"wp:featuredmedia":[{"embeddable":true,"href":"https:\/\/prefeitura.santarosa.rs.gov.br\/index.php?rest_route=\/wp\/v2\/media\/1131"}],"wp:attachment":[{"href":"https:\/\/prefeitura.santarosa.rs.gov.br\/index.php?rest_route=%2Fwp%2Fv2%2Fmedia&parent=1130"}],"wp:term":[{"taxonomy":"category","embeddable":true,"href":"https:\/\/prefeitura.santarosa.rs.gov.br\/index.php?rest_route=%2Fwp%2Fv2%2Fcategories&post=1130"},{"taxonomy":"post_tag","embeddable":true,"href":"https:\/\/prefeitura.santarosa.rs.gov.br\/index.php?rest_route=%2Fwp%2Fv2%2Ftags&post=1130"}],"curies":[{"name":"wp","href":"https:\/\/api.w.org\/{rel}","templated":true}]}}