{"id":11298,"date":"2024-11-08T15:39:46","date_gmt":"2024-11-08T18:39:46","guid":{"rendered":"https:\/\/prefeitura.santarosa.rs.gov.br\/?p=11298"},"modified":"2024-11-08T15:39:47","modified_gmt":"2024-11-08T18:39:47","slug":"sorriso-saudavel-acao-de-saude-bucal-e-realizada-na-emei-pingo-de-gente","status":"publish","type":"post","link":"https:\/\/prefeitura.santarosa.rs.gov.br\/?p=11298","title":{"rendered":"<strong>Sorriso Saud\u00e1vel: A\u00e7\u00e3o de Sa\u00fade Bucal \u00e9 realizada na EMEI Pingo de Gente<\/strong>"},"content":{"rendered":"\n<figure class=\"wp-block-image size-full\"><img fetchpriority=\"high\" decoding=\"async\" width=\"860\" height=\"645\" src=\"https:\/\/prefeitura.santarosa.rs.gov.br\/wp-content\/uploads\/2024\/11\/Formato-Site-e-Portal-860X645-JPG-2024-11-08T151739.398.jpg\" alt=\"\" class=\"wp-image-11299\" srcset=\"https:\/\/prefeitura.santarosa.rs.gov.br\/wp-content\/uploads\/2024\/11\/Formato-Site-e-Portal-860X645-JPG-2024-11-08T151739.398.jpg 860w, https:\/\/prefeitura.santarosa.rs.gov.br\/wp-content\/uploads\/2024\/11\/Formato-Site-e-Portal-860X645-JPG-2024-11-08T151739.398-300x225.jpg 300w, https:\/\/prefeitura.santarosa.rs.gov.br\/wp-content\/uploads\/2024\/11\/Formato-Site-e-Portal-860X645-JPG-2024-11-08T151739.398-768x576.jpg 768w\" sizes=\"(max-width: 860px) 100vw, 860px\" \/><\/figure>\n\n\n\n<p>Cuidar da sa\u00fade bucal das crian\u00e7as desde os primeiros anos de vida traz benef\u00edcios que se estendem at\u00e9 a vida adulta. Nesta semana, alunos da EMEI Pingo de Gente receberam a visita de profissionais de sa\u00fade da FUMSSAR, que realizaram uma a\u00e7\u00e3o especial de preven\u00e7\u00e3o. A atividade faz parte do Programa Sa\u00fade na Escola (PSE) e envolveu 40 estudantes de turmas da pr\u00e9-escola. De forma l\u00fadica, com a presen\u00e7a de mascotes representando uma escova de dentes e um dentinho, as crian\u00e7as aprenderam como manter os cuidados com a higiene bucal.<\/p>\n\n\n\n<p>A iniciativa teve o objetivo de promover conhecimento e pr\u00e1ticas de higiene, refor\u00e7ando a import\u00e2ncia de prevenir doen\u00e7as como c\u00e1ries, al\u00e9m de incentivar o cuidado di\u00e1rio com a sa\u00fade oral. A a\u00e7\u00e3o foi coordenada pela cirurgi\u00e3-dentista Mayara Trapp Vogel, que destacou que a\u00e7\u00f5es como esta t\u00eam impacto duradouro na vida das crian\u00e7as, uma vez que a preven\u00e7\u00e3o \u00e9 essencial para evitar problemas futuros e prevenir doen\u00e7as, &#8220;O ensino de pr\u00e1ticas de higiene bucal desde a inf\u00e2ncia \u00e9 um investimento na sa\u00fade dos alunos. S\u00e3o h\u00e1bitos que, somados ao acompanhamento regular com profissionais, contribuem para um cuidado integral dos pequenos&#8221;.<\/p>\n\n\n\n<p>Durante a a\u00e7\u00e3o, cada crian\u00e7a recebeu um kit de higiene bucal e participou de orienta\u00e7\u00f5es sobre t\u00e9cnicas corretas de escova\u00e7\u00e3o e cuidados di\u00e1rios. Em seguida, foi realizada uma escova\u00e7\u00e3o supervisionada para assegurar que as instru\u00e7\u00f5es foram bem compreendidas e aplicadas. A atividade contou com a participa\u00e7\u00e3o de uma equipe t\u00e9cnica composta pelas agentes de sa\u00fade Jossana e Gisiele, o auxiliar de sa\u00fade bucal Joel e acad\u00eamicos de enfermagem da FEMA, que auxiliaram na orienta\u00e7\u00e3o dos alunos.<\/p>\n\n\n\n<p>A a\u00e7\u00e3o na EMEI Pingo de Gente faz parte de um conjunto de atividades cont\u00ednuas desenvolvidas pelo PSE e pela FUMSSAR para promover a sa\u00fade e o bem-estar dos estudantes de Santa Rosa.<\/p>\n","protected":false},"excerpt":{"rendered":"<p>Cuidar da sa\u00fade bucal das crian\u00e7as desde os primeiros anos de vida traz benef\u00edcios que se estendem at\u00e9 a vida<\/p>\n","protected":false},"author":6,"featured_media":11300,"comment_status":"closed","ping_status":"closed","sticky":false,"template":"","format":"standard","meta":{"footnotes":""},"categories":[4,8],"tags":[],"class_list":["post-11298","post","type-post","status-publish","format-standard","has-post-thumbnail","hentry","category-noticias","category-noticias-fumssar"],"aioseo_notices":[],"_links":{"self":[{"href":"https:\/\/prefeitura.santarosa.rs.gov.br\/index.php?rest_route=\/wp\/v2\/posts\/11298","targetHints":{"allow":["GET"]}}],"collection":[{"href":"https:\/\/prefeitura.santarosa.rs.gov.br\/index.php?rest_route=\/wp\/v2\/posts"}],"about":[{"href":"https:\/\/prefeitura.santarosa.rs.gov.br\/index.php?rest_route=\/wp\/v2\/types\/post"}],"author":[{"embeddable":true,"href":"https:\/\/prefeitura.santarosa.rs.gov.br\/index.php?rest_route=\/wp\/v2\/users\/6"}],"replies":[{"embeddable":true,"href":"https:\/\/prefeitura.santarosa.rs.gov.br\/index.php?rest_route=%2Fwp%2Fv2%2Fcomments&post=11298"}],"version-history":[{"count":1,"href":"https:\/\/prefeitura.santarosa.rs.gov.br\/index.php?rest_route=\/wp\/v2\/posts\/11298\/revisions"}],"predecessor-version":[{"id":11301,"href":"https:\/\/prefeitura.santarosa.rs.gov.br\/index.php?rest_route=\/wp\/v2\/posts\/11298\/revisions\/11301"}],"wp:featuredmedia":[{"embeddable":true,"href":"https:\/\/prefeitura.santarosa.rs.gov.br\/index.php?rest_route=\/wp\/v2\/media\/11300"}],"wp:attachment":[{"href":"https:\/\/prefeitura.santarosa.rs.gov.br\/index.php?rest_route=%2Fwp%2Fv2%2Fmedia&parent=11298"}],"wp:term":[{"taxonomy":"category","embeddable":true,"href":"https:\/\/prefeitura.santarosa.rs.gov.br\/index.php?rest_route=%2Fwp%2Fv2%2Fcategories&post=11298"},{"taxonomy":"post_tag","embeddable":true,"href":"https:\/\/prefeitura.santarosa.rs.gov.br\/index.php?rest_route=%2Fwp%2Fv2%2Ftags&post=11298"}],"curies":[{"name":"wp","href":"https:\/\/api.w.org\/{rel}","templated":true}]}}