{"id":11294,"date":"2024-11-08T15:36:26","date_gmt":"2024-11-08T18:36:26","guid":{"rendered":"https:\/\/prefeitura.santarosa.rs.gov.br\/?p=11294"},"modified":"2024-11-08T15:36:28","modified_gmt":"2024-11-08T18:36:28","slug":"produtores-de-santa-rosa-participam-de-curso-de-soldador-rural","status":"publish","type":"post","link":"https:\/\/prefeitura.santarosa.rs.gov.br\/?p=11294","title":{"rendered":"<strong>Produtores de Santa Rosa participam de curso de Soldador Rural<\/strong>"},"content":{"rendered":"\n<figure class=\"wp-block-image size-full\"><img fetchpriority=\"high\" decoding=\"async\" width=\"860\" height=\"645\" src=\"https:\/\/prefeitura.santarosa.rs.gov.br\/wp-content\/uploads\/2024\/11\/Formato-Site-e-Portal-860X645-JPG-2024-11-08T151706.730.jpg\" alt=\"\" class=\"wp-image-11295\" srcset=\"https:\/\/prefeitura.santarosa.rs.gov.br\/wp-content\/uploads\/2024\/11\/Formato-Site-e-Portal-860X645-JPG-2024-11-08T151706.730.jpg 860w, https:\/\/prefeitura.santarosa.rs.gov.br\/wp-content\/uploads\/2024\/11\/Formato-Site-e-Portal-860X645-JPG-2024-11-08T151706.730-300x225.jpg 300w, https:\/\/prefeitura.santarosa.rs.gov.br\/wp-content\/uploads\/2024\/11\/Formato-Site-e-Portal-860X645-JPG-2024-11-08T151706.730-768x576.jpg 768w\" sizes=\"(max-width: 860px) 100vw, 860px\" \/><\/figure>\n\n\n\n<p>A Prefeitura de Santa Rosa por meio da Secretaria de Agricultura, tem investido na oferta de capacita\u00e7\u00f5es e cursos profissionalizantes nas comunidades do interior. Recentemente, um grupo de produtores rurais do munic\u00edpio, concluiu o curso de &#8220;Soldador Rural&#8221;. A a\u00e7\u00e3o aconteceu em parceria com o Sindicato Rural e o SENAR-RS.<\/p>\n\n\n\n<p>A capacita\u00e7\u00e3o, com dura\u00e7\u00e3o de 24 horas ao longo de tr\u00eas dias, teve como foco o ensino b\u00e1sico da soldagem com eletrodo revestido, com destaque para as normas de seguran\u00e7a e t\u00e9cnicas de reparos imediatos. O curso visou capacitar os produtores rurais para resolver problemas de manuten\u00e7\u00e3o sem a necessidade de deslocamento para a cidade, economizando tempo e recursos e aumentando a autonomia nas propriedades. O Secret\u00e1rio de Agricultura, Gerson Karkow, ressaltou a import\u00e2ncia da iniciativa, \u201cQueremos dar condi\u00e7\u00f5es para que os produtores possam enfrentar os desafios do dia a dia com mais conhecimento e seguran\u00e7a. Essa forma\u00e7\u00e3o \u00e9 essencial para que eles tenham mais autonomia e possam realizar os reparos b\u00e1sicos que as atividades rurais exigem\u201d.<\/p>\n\n\n\n<p>O curso foi coordenado por um instrutor do Servi\u00e7o Nacional de Aprendizagem Rural e teve como requisito, ter idade m\u00ednima de 18 anos.<\/p>\n","protected":false},"excerpt":{"rendered":"<p>A Prefeitura de Santa Rosa por meio da Secretaria de Agricultura, tem investido na oferta de capacita\u00e7\u00f5es e cursos profissionalizantes<\/p>\n","protected":false},"author":6,"featured_media":11296,"comment_status":"closed","ping_status":"closed","sticky":false,"template":"","format":"standard","meta":{"footnotes":""},"categories":[4,14],"tags":[],"class_list":["post-11294","post","type-post","status-publish","format-standard","has-post-thumbnail","hentry","category-noticias","category-secretaria-municipal-de-agricultura"],"aioseo_notices":[],"_links":{"self":[{"href":"https:\/\/prefeitura.santarosa.rs.gov.br\/index.php?rest_route=\/wp\/v2\/posts\/11294","targetHints":{"allow":["GET"]}}],"collection":[{"href":"https:\/\/prefeitura.santarosa.rs.gov.br\/index.php?rest_route=\/wp\/v2\/posts"}],"about":[{"href":"https:\/\/prefeitura.santarosa.rs.gov.br\/index.php?rest_route=\/wp\/v2\/types\/post"}],"author":[{"embeddable":true,"href":"https:\/\/prefeitura.santarosa.rs.gov.br\/index.php?rest_route=\/wp\/v2\/users\/6"}],"replies":[{"embeddable":true,"href":"https:\/\/prefeitura.santarosa.rs.gov.br\/index.php?rest_route=%2Fwp%2Fv2%2Fcomments&post=11294"}],"version-history":[{"count":1,"href":"https:\/\/prefeitura.santarosa.rs.gov.br\/index.php?rest_route=\/wp\/v2\/posts\/11294\/revisions"}],"predecessor-version":[{"id":11297,"href":"https:\/\/prefeitura.santarosa.rs.gov.br\/index.php?rest_route=\/wp\/v2\/posts\/11294\/revisions\/11297"}],"wp:featuredmedia":[{"embeddable":true,"href":"https:\/\/prefeitura.santarosa.rs.gov.br\/index.php?rest_route=\/wp\/v2\/media\/11296"}],"wp:attachment":[{"href":"https:\/\/prefeitura.santarosa.rs.gov.br\/index.php?rest_route=%2Fwp%2Fv2%2Fmedia&parent=11294"}],"wp:term":[{"taxonomy":"category","embeddable":true,"href":"https:\/\/prefeitura.santarosa.rs.gov.br\/index.php?rest_route=%2Fwp%2Fv2%2Fcategories&post=11294"},{"taxonomy":"post_tag","embeddable":true,"href":"https:\/\/prefeitura.santarosa.rs.gov.br\/index.php?rest_route=%2Fwp%2Fv2%2Ftags&post=11294"}],"curies":[{"name":"wp","href":"https:\/\/api.w.org\/{rel}","templated":true}]}}