{"id":11280,"date":"2024-11-07T17:14:39","date_gmt":"2024-11-07T20:14:39","guid":{"rendered":"https:\/\/prefeitura.santarosa.rs.gov.br\/?p=11280"},"modified":"2024-11-07T17:22:13","modified_gmt":"2024-11-07T20:22:13","slug":"secretario-de-esporte-cumpre-agendas-na-capital","status":"publish","type":"post","link":"https:\/\/prefeitura.santarosa.rs.gov.br\/?p=11280","title":{"rendered":"Secret\u00e1rio de Esporte cumpre agendas na Capital"},"content":{"rendered":"\n<figure class=\"wp-block-image size-large\"><img fetchpriority=\"high\" decoding=\"async\" width=\"1024\" height=\"768\" src=\"https:\/\/prefeitura.santarosa.rs.gov.br\/wp-content\/uploads\/2024\/11\/Formato-Site-e-Portal-860X645-JPG-11-1024x768.jpg\" alt=\"\" class=\"wp-image-11281\" srcset=\"https:\/\/prefeitura.santarosa.rs.gov.br\/wp-content\/uploads\/2024\/11\/Formato-Site-e-Portal-860X645-JPG-11-1024x768.jpg 1024w, https:\/\/prefeitura.santarosa.rs.gov.br\/wp-content\/uploads\/2024\/11\/Formato-Site-e-Portal-860X645-JPG-11-300x225.jpg 300w, https:\/\/prefeitura.santarosa.rs.gov.br\/wp-content\/uploads\/2024\/11\/Formato-Site-e-Portal-860X645-JPG-11-768x576.jpg 768w, https:\/\/prefeitura.santarosa.rs.gov.br\/wp-content\/uploads\/2024\/11\/Formato-Site-e-Portal-860X645-JPG-11.jpg 1290w\" sizes=\"(max-width: 1024px) 100vw, 1024px\" \/><\/figure>\n\n\n\n<p>O Secret\u00e1rio de Esporte de Santa Rosa, Fernando Braz, esteve na \u00faltima quarta-feira (06), em Porto Alegre, onde cumpriu uma agenda importante junto ao Secret\u00e1rio de Esporte e Lazer do RS, Juliano Franczak. O objetivo do encontro foi apresentar as demandas de Santa Rosa na \u00e1rea esportiva e discutir poss\u00edveis colabora\u00e7\u00f5es e investimentos para o munic\u00edpio.<\/p>\n\n\n\n<p>Entre os temas debatidos, foram apresentados projetos vinculados ao programa estadual Pro Esporte, com destaque para os programas: Avan\u00e7ar Mais no Esporte e Ilumina Esporte, que buscam impulsionar melhorias em infraestrutura e ilumina\u00e7\u00e3o em locais de pr\u00e1tica esportiva na cidade. \u201cEstes projetos s\u00e3o essenciais para fomentar o esporte em Santa Rosa, tanto para os atletas quanto para a comunidade em geral\u201d, ressaltou Braz.<\/p>\n\n\n\n<p>Durante o encontro, Fernando tamb\u00e9m entregou um convite oficial para a 1\u00aa Copa Argel Fuchs de Futebol, evento que ocorrer\u00e1 de 15 a 17 de novembro em Santa Rosa. A competi\u00e7\u00e3o promete reunir talentos do esporte e proporcionar momentos de integra\u00e7\u00e3o e incentivo ao esporte local.<\/p>\n","protected":false},"excerpt":{"rendered":"<p>O Secret\u00e1rio de Esporte de Santa Rosa, Fernando Braz, esteve na \u00faltima quarta-feira (06), em Porto Alegre, onde cumpriu uma<\/p>\n","protected":false},"author":6,"featured_media":11285,"comment_status":"closed","ping_status":"closed","sticky":false,"template":"","format":"standard","meta":{"footnotes":""},"categories":[4,19],"tags":[],"class_list":["post-11280","post","type-post","status-publish","format-standard","has-post-thumbnail","hentry","category-noticias","category-secretaria-municipal-de-esporte"],"aioseo_notices":[],"_links":{"self":[{"href":"https:\/\/prefeitura.santarosa.rs.gov.br\/index.php?rest_route=\/wp\/v2\/posts\/11280","targetHints":{"allow":["GET"]}}],"collection":[{"href":"https:\/\/prefeitura.santarosa.rs.gov.br\/index.php?rest_route=\/wp\/v2\/posts"}],"about":[{"href":"https:\/\/prefeitura.santarosa.rs.gov.br\/index.php?rest_route=\/wp\/v2\/types\/post"}],"author":[{"embeddable":true,"href":"https:\/\/prefeitura.santarosa.rs.gov.br\/index.php?rest_route=\/wp\/v2\/users\/6"}],"replies":[{"embeddable":true,"href":"https:\/\/prefeitura.santarosa.rs.gov.br\/index.php?rest_route=%2Fwp%2Fv2%2Fcomments&post=11280"}],"version-history":[{"count":1,"href":"https:\/\/prefeitura.santarosa.rs.gov.br\/index.php?rest_route=\/wp\/v2\/posts\/11280\/revisions"}],"predecessor-version":[{"id":11283,"href":"https:\/\/prefeitura.santarosa.rs.gov.br\/index.php?rest_route=\/wp\/v2\/posts\/11280\/revisions\/11283"}],"wp:featuredmedia":[{"embeddable":true,"href":"https:\/\/prefeitura.santarosa.rs.gov.br\/index.php?rest_route=\/wp\/v2\/media\/11285"}],"wp:attachment":[{"href":"https:\/\/prefeitura.santarosa.rs.gov.br\/index.php?rest_route=%2Fwp%2Fv2%2Fmedia&parent=11280"}],"wp:term":[{"taxonomy":"category","embeddable":true,"href":"https:\/\/prefeitura.santarosa.rs.gov.br\/index.php?rest_route=%2Fwp%2Fv2%2Fcategories&post=11280"},{"taxonomy":"post_tag","embeddable":true,"href":"https:\/\/prefeitura.santarosa.rs.gov.br\/index.php?rest_route=%2Fwp%2Fv2%2Ftags&post=11280"}],"curies":[{"name":"wp","href":"https:\/\/api.w.org\/{rel}","templated":true}]}}