{"id":11271,"date":"2024-11-07T14:58:07","date_gmt":"2024-11-07T17:58:07","guid":{"rendered":"https:\/\/prefeitura.santarosa.rs.gov.br\/?p=11271"},"modified":"2024-11-07T14:58:07","modified_gmt":"2024-11-07T17:58:07","slug":"prefeito-assina-ordem-de-inicio-para-pavimentacao-no-interior-de-santa-rosa","status":"publish","type":"post","link":"https:\/\/prefeitura.santarosa.rs.gov.br\/?p=11271","title":{"rendered":"Prefeito assina ordem de in\u00edcio para pavimenta\u00e7\u00e3o no interior de Santa Rosa"},"content":{"rendered":"\n<figure class=\"wp-block-image size-large\"><img fetchpriority=\"high\" decoding=\"async\" width=\"1024\" height=\"768\" src=\"https:\/\/prefeitura.santarosa.rs.gov.br\/wp-content\/uploads\/2024\/11\/Formato-Site-e-Portal-860X645-JPG-8-1024x768.jpg\" alt=\"\" class=\"wp-image-11272\" srcset=\"https:\/\/prefeitura.santarosa.rs.gov.br\/wp-content\/uploads\/2024\/11\/Formato-Site-e-Portal-860X645-JPG-8-1024x768.jpg 1024w, https:\/\/prefeitura.santarosa.rs.gov.br\/wp-content\/uploads\/2024\/11\/Formato-Site-e-Portal-860X645-JPG-8-300x225.jpg 300w, https:\/\/prefeitura.santarosa.rs.gov.br\/wp-content\/uploads\/2024\/11\/Formato-Site-e-Portal-860X645-JPG-8-768x576.jpg 768w, https:\/\/prefeitura.santarosa.rs.gov.br\/wp-content\/uploads\/2024\/11\/Formato-Site-e-Portal-860X645-JPG-8-1536x1152.jpg 1536w, https:\/\/prefeitura.santarosa.rs.gov.br\/wp-content\/uploads\/2024\/11\/Formato-Site-e-Portal-860X645-JPG-8-2048x1536.jpg 2048w\" sizes=\"(max-width: 1024px) 100vw, 1024px\" \/><\/figure>\n\n\n\n<p>Melhorar a infraestrutura do interior de Santa Rosa tem sido um dos focos da Administra\u00e7\u00e3o Municipal. Nesta semana, o prefeito Anderson Mantei assinou a ordem de in\u00edcio para mais uma importante obra de pavimenta\u00e7\u00e3o na \u00e1rea rural. Desta vez, o projeto contempla o cal\u00e7amento da estrada de acesso ao Lajeado Tigre, com um total de 380 metros lineares e uma \u00e1rea de 3.573,72 metros quadrados. Mais de R$ 310 mil ser\u00e3o investidos no local.<\/p>\n\n\n\n<p>A obra inclui servi\u00e7os como a execu\u00e7\u00e3o de sarjeta de grama, reloca\u00e7\u00e3o de cerca, limpeza de vegeta\u00e7\u00e3o e a pavimenta\u00e7\u00e3o com cal\u00e7amento. O prefeito Anderson Mantei destacou a relev\u00e2ncia da a\u00e7\u00e3o para a comunidade, &#8220;Estamos comprometidos em melhorar a infraestrutura do interior. J\u00e1 fizemos grandes investimentos e para os pr\u00f3ximos anos, temos como meta revitalizar mais de 60 km de estradas na \u00e1rea rural&#8221;.<\/p>\n\n\n\n<p>A pavimenta\u00e7\u00e3o no Lajeado Tigre faz parte de um conjunto de melhorias previstas pela gest\u00e3o municipal, que visa transformar a infraestrutura do interior e proporcionar mais seguran\u00e7a e conforto para as comunidades locais. Al\u00e9m deste investimento, a administra\u00e7\u00e3o tem realizado, nos \u00faltimos anos, um trabalho cont\u00ednuo de recupera\u00e7\u00e3o das estradas, com servi\u00e7os de patrolamento, rolamento e cascalhamento, e j\u00e1 revitalizou mais de 50 pontes no interior de Santa Rosa.<\/p>\n","protected":false},"excerpt":{"rendered":"<p>Melhorar a infraestrutura do interior de Santa Rosa tem sido um dos focos da Administra\u00e7\u00e3o Municipal. Nesta semana, o prefeito<\/p>\n","protected":false},"author":6,"featured_media":11273,"comment_status":"closed","ping_status":"closed","sticky":false,"template":"","format":"standard","meta":{"footnotes":""},"categories":[4,22],"tags":[],"class_list":["post-11271","post","type-post","status-publish","format-standard","has-post-thumbnail","hentry","category-noticias","category-secretaria-municipal-de-planejamento-e-habitacao"],"aioseo_notices":[],"_links":{"self":[{"href":"https:\/\/prefeitura.santarosa.rs.gov.br\/index.php?rest_route=\/wp\/v2\/posts\/11271","targetHints":{"allow":["GET"]}}],"collection":[{"href":"https:\/\/prefeitura.santarosa.rs.gov.br\/index.php?rest_route=\/wp\/v2\/posts"}],"about":[{"href":"https:\/\/prefeitura.santarosa.rs.gov.br\/index.php?rest_route=\/wp\/v2\/types\/post"}],"author":[{"embeddable":true,"href":"https:\/\/prefeitura.santarosa.rs.gov.br\/index.php?rest_route=\/wp\/v2\/users\/6"}],"replies":[{"embeddable":true,"href":"https:\/\/prefeitura.santarosa.rs.gov.br\/index.php?rest_route=%2Fwp%2Fv2%2Fcomments&post=11271"}],"version-history":[{"count":1,"href":"https:\/\/prefeitura.santarosa.rs.gov.br\/index.php?rest_route=\/wp\/v2\/posts\/11271\/revisions"}],"predecessor-version":[{"id":11274,"href":"https:\/\/prefeitura.santarosa.rs.gov.br\/index.php?rest_route=\/wp\/v2\/posts\/11271\/revisions\/11274"}],"wp:featuredmedia":[{"embeddable":true,"href":"https:\/\/prefeitura.santarosa.rs.gov.br\/index.php?rest_route=\/wp\/v2\/media\/11273"}],"wp:attachment":[{"href":"https:\/\/prefeitura.santarosa.rs.gov.br\/index.php?rest_route=%2Fwp%2Fv2%2Fmedia&parent=11271"}],"wp:term":[{"taxonomy":"category","embeddable":true,"href":"https:\/\/prefeitura.santarosa.rs.gov.br\/index.php?rest_route=%2Fwp%2Fv2%2Fcategories&post=11271"},{"taxonomy":"post_tag","embeddable":true,"href":"https:\/\/prefeitura.santarosa.rs.gov.br\/index.php?rest_route=%2Fwp%2Fv2%2Ftags&post=11271"}],"curies":[{"name":"wp","href":"https:\/\/api.w.org\/{rel}","templated":true}]}}