{"id":11263,"date":"2024-11-06T15:41:49","date_gmt":"2024-11-06T18:41:49","guid":{"rendered":"https:\/\/prefeitura.santarosa.rs.gov.br\/?p=11263"},"modified":"2024-11-06T15:41:50","modified_gmt":"2024-11-06T18:41:50","slug":"iniciam-novas-obras-de-pavimentacao-na-vila-flores","status":"publish","type":"post","link":"https:\/\/prefeitura.santarosa.rs.gov.br\/?p=11263","title":{"rendered":"<strong>Iniciam novas obras de pavimenta\u00e7\u00e3o na Vila Flores<\/strong>"},"content":{"rendered":"\n<p><em>Mais de R$ 5,4 milh\u00f5es em infraestrutura<\/em><\/p>\n\n\n\n<figure class=\"wp-block-image size-full\"><img fetchpriority=\"high\" decoding=\"async\" width=\"860\" height=\"645\" src=\"https:\/\/prefeitura.santarosa.rs.gov.br\/wp-content\/uploads\/2024\/11\/Formato-Site-e-Portal-860X645-JPG-2024-11-06T154047.432.jpg\" alt=\"\" class=\"wp-image-11264\" srcset=\"https:\/\/prefeitura.santarosa.rs.gov.br\/wp-content\/uploads\/2024\/11\/Formato-Site-e-Portal-860X645-JPG-2024-11-06T154047.432.jpg 860w, https:\/\/prefeitura.santarosa.rs.gov.br\/wp-content\/uploads\/2024\/11\/Formato-Site-e-Portal-860X645-JPG-2024-11-06T154047.432-300x225.jpg 300w, https:\/\/prefeitura.santarosa.rs.gov.br\/wp-content\/uploads\/2024\/11\/Formato-Site-e-Portal-860X645-JPG-2024-11-06T154047.432-768x576.jpg 768w\" sizes=\"(max-width: 860px) 100vw, 860px\" \/><\/figure>\n\n\n\n<p>A Vila Flores, situada no bairro Central, est\u00e1 sendo contemplada com importantes melhorias na infraestrutura. Na ter\u00e7a-feira (05), o prefeito Anderson Mantei assinou ordens de in\u00edcio para tr\u00eas grandes obras de pavimenta\u00e7\u00e3o. Um investimento que ultrapassa R$ 5,4 milh\u00f5es. A iniciativa busca proporcionar maior fluidez no tr\u00e2nsito, melhorando a mobilidade urbana.<\/p>\n\n\n\n<p>As obras previstas contemplam tr\u00eas ruas estrat\u00e9gicas do bairro: Rua Pedro Flores, no trecho entre a Rua Jos\u00e9 Bonif\u00e1cio e a Rua Marqu\u00eas do Herval; Rua 10 de Novembro, entre a Rua Farroupilha e a Rua Bernardo Guimar\u00e3es; e Rua Farroupilha, com obras no trecho entre a Rua 10 de Novembro e a Rua Iju\u00ed. O prazo de execu\u00e7\u00e3o das obras ser\u00e1 de 120 dias para as ruas Pedro Flores e Farroupilha e de 210 dias para a Rua 10 de Novembro, cuja execu\u00e7\u00e3o vai ser realizada em parceria com a Aegea\/Corsan. O prefeito Anderson Mantei destacou a import\u00e2ncia das obras estruturantes, ressaltando que os investimentos na Vila Flores s\u00e3o essenciais para o desenvolvimento da localidade, \u201cEsses projetos fazem parte do nosso plano de gest\u00e3o, que busca atender demandas das comunidades. Estamos realizando importantes melhorias na Vila Flores para oferecer mais infraestrutura para essa \u00e1rea do bairro Central\u201d.<\/p>\n\n\n\n<p>Al\u00e9m dessas obras, outros projetos est\u00e3o em execu\u00e7\u00e3o na Vila Flores. No momento, est\u00e1 sendo realizada a pavimenta\u00e7\u00e3o asf\u00e1ltica da Rua S\u00e3o Jos\u00e9. As equipes trabalham nas obras de drenagem no local, enquanto a Aegea\/Corsan realiza a substitui\u00e7\u00e3o da rede de \u00e1gua.<\/p>\n","protected":false},"excerpt":{"rendered":"<p>Mais de R$ 5,4 milh\u00f5es em infraestrutura A Vila Flores, situada no bairro Central, est\u00e1 sendo contemplada com importantes melhorias<\/p>\n","protected":false},"author":6,"featured_media":11265,"comment_status":"closed","ping_status":"closed","sticky":false,"template":"","format":"standard","meta":{"footnotes":""},"categories":[4,22],"tags":[],"class_list":["post-11263","post","type-post","status-publish","format-standard","has-post-thumbnail","hentry","category-noticias","category-secretaria-municipal-de-planejamento-e-habitacao"],"aioseo_notices":[],"_links":{"self":[{"href":"https:\/\/prefeitura.santarosa.rs.gov.br\/index.php?rest_route=\/wp\/v2\/posts\/11263","targetHints":{"allow":["GET"]}}],"collection":[{"href":"https:\/\/prefeitura.santarosa.rs.gov.br\/index.php?rest_route=\/wp\/v2\/posts"}],"about":[{"href":"https:\/\/prefeitura.santarosa.rs.gov.br\/index.php?rest_route=\/wp\/v2\/types\/post"}],"author":[{"embeddable":true,"href":"https:\/\/prefeitura.santarosa.rs.gov.br\/index.php?rest_route=\/wp\/v2\/users\/6"}],"replies":[{"embeddable":true,"href":"https:\/\/prefeitura.santarosa.rs.gov.br\/index.php?rest_route=%2Fwp%2Fv2%2Fcomments&post=11263"}],"version-history":[{"count":1,"href":"https:\/\/prefeitura.santarosa.rs.gov.br\/index.php?rest_route=\/wp\/v2\/posts\/11263\/revisions"}],"predecessor-version":[{"id":11266,"href":"https:\/\/prefeitura.santarosa.rs.gov.br\/index.php?rest_route=\/wp\/v2\/posts\/11263\/revisions\/11266"}],"wp:featuredmedia":[{"embeddable":true,"href":"https:\/\/prefeitura.santarosa.rs.gov.br\/index.php?rest_route=\/wp\/v2\/media\/11265"}],"wp:attachment":[{"href":"https:\/\/prefeitura.santarosa.rs.gov.br\/index.php?rest_route=%2Fwp%2Fv2%2Fmedia&parent=11263"}],"wp:term":[{"taxonomy":"category","embeddable":true,"href":"https:\/\/prefeitura.santarosa.rs.gov.br\/index.php?rest_route=%2Fwp%2Fv2%2Fcategories&post=11263"},{"taxonomy":"post_tag","embeddable":true,"href":"https:\/\/prefeitura.santarosa.rs.gov.br\/index.php?rest_route=%2Fwp%2Fv2%2Ftags&post=11263"}],"curies":[{"name":"wp","href":"https:\/\/api.w.org\/{rel}","templated":true}]}}