{"id":11259,"date":"2024-11-06T09:26:30","date_gmt":"2024-11-06T12:26:30","guid":{"rendered":"https:\/\/prefeitura.santarosa.rs.gov.br\/?p=11259"},"modified":"2024-11-06T09:26:30","modified_gmt":"2024-11-06T12:26:30","slug":"sabado-sera-o-dia-d-de-multivacinacao","status":"publish","type":"post","link":"https:\/\/prefeitura.santarosa.rs.gov.br\/?p=11259","title":{"rendered":"S\u00e1bado ser\u00e1 o Dia D de Multivacina\u00e7\u00e3o"},"content":{"rendered":"\n<figure class=\"wp-block-image size-full\"><img fetchpriority=\"high\" decoding=\"async\" width=\"860\" height=\"645\" src=\"https:\/\/prefeitura.santarosa.rs.gov.br\/wp-content\/uploads\/2024\/11\/Formato-Site-e-Portal-860X645-JPG-7.jpg\" alt=\"\" class=\"wp-image-11260\" srcset=\"https:\/\/prefeitura.santarosa.rs.gov.br\/wp-content\/uploads\/2024\/11\/Formato-Site-e-Portal-860X645-JPG-7.jpg 860w, https:\/\/prefeitura.santarosa.rs.gov.br\/wp-content\/uploads\/2024\/11\/Formato-Site-e-Portal-860X645-JPG-7-300x225.jpg 300w, https:\/\/prefeitura.santarosa.rs.gov.br\/wp-content\/uploads\/2024\/11\/Formato-Site-e-Portal-860X645-JPG-7-768x576.jpg 768w\" sizes=\"(max-width: 860px) 100vw, 860px\" \/><\/figure>\n\n\n\n<p>A Funda\u00e7\u00e3o Municipal de Sa\u00fade de Santa Rosa vai realizar no pr\u00f3ximo s\u00e1bado (09\/11), o Dia D de Multivacina\u00e7\u00e3o para todas as idades. A imuniza\u00e7\u00e3o ser\u00e1 realizada nas Unidades B\u00e1sicas de Sa\u00fade, das 08h \u00e0s 17h nos postos da cidade e das 08h \u00e0s 14h no interior. Neste dia, estar\u00e3o dispon\u00edveis todas as doses do Calend\u00e1rio Vacinal para crian\u00e7as, adolescentes e adultos. Um dos focos da a\u00e7\u00e3o \u00e9 informar a popula\u00e7\u00e3o sobre as mudan\u00e7as na imuniza\u00e7\u00e3o contra a poliomielite. A &#8220;gotinha&#8221; foi substitu\u00edda pela forma injet\u00e1vel. Assim, crian\u00e7as de 1 ano e 3 meses at\u00e9 3 anos, 11 meses e 29 dias dever\u00e3o receber mais uma dose da vacina.<\/p>\n\n\n\n<p>Al\u00e9m de aumentar a cobertura da vacina\u00e7\u00e3o contra a poliomielite, o objetivo da campanha \u00e9 tamb\u00e9m realizar as doses que est\u00e3o em atraso. A diretora da Aten\u00e7\u00e3o Prim\u00e1ria \u00e0 Sa\u00fade, Dra. Fabiana Breitenbach, faz um alerta sobre a import\u00e2ncia de manter as vacinas em dia, &#8220;A vacina\u00e7\u00e3o \u00e9 uma das principais formas de proteger nossa popula\u00e7\u00e3o de doen\u00e7as que podem ser prevenidas. \u00c9 essencial que todos compare\u00e7am e atualizem suas vacinas&#8221;.<\/p>\n\n\n\n<p>No momento da vacina\u00e7\u00e3o, \u00e9 indispens\u00e1vel apresentar o documento de identifica\u00e7\u00e3o com foto, CPF e a caderneta de vacina\u00e7\u00e3o.<\/p>\n","protected":false},"excerpt":{"rendered":"<p>A Funda\u00e7\u00e3o Municipal de Sa\u00fade de Santa Rosa vai realizar no pr\u00f3ximo s\u00e1bado (09\/11), o Dia D de Multivacina\u00e7\u00e3o para<\/p>\n","protected":false},"author":6,"featured_media":11261,"comment_status":"closed","ping_status":"closed","sticky":false,"template":"","format":"standard","meta":{"footnotes":""},"categories":[4,8],"tags":[],"class_list":["post-11259","post","type-post","status-publish","format-standard","has-post-thumbnail","hentry","category-noticias","category-noticias-fumssar"],"aioseo_notices":[],"_links":{"self":[{"href":"https:\/\/prefeitura.santarosa.rs.gov.br\/index.php?rest_route=\/wp\/v2\/posts\/11259","targetHints":{"allow":["GET"]}}],"collection":[{"href":"https:\/\/prefeitura.santarosa.rs.gov.br\/index.php?rest_route=\/wp\/v2\/posts"}],"about":[{"href":"https:\/\/prefeitura.santarosa.rs.gov.br\/index.php?rest_route=\/wp\/v2\/types\/post"}],"author":[{"embeddable":true,"href":"https:\/\/prefeitura.santarosa.rs.gov.br\/index.php?rest_route=\/wp\/v2\/users\/6"}],"replies":[{"embeddable":true,"href":"https:\/\/prefeitura.santarosa.rs.gov.br\/index.php?rest_route=%2Fwp%2Fv2%2Fcomments&post=11259"}],"version-history":[{"count":1,"href":"https:\/\/prefeitura.santarosa.rs.gov.br\/index.php?rest_route=\/wp\/v2\/posts\/11259\/revisions"}],"predecessor-version":[{"id":11262,"href":"https:\/\/prefeitura.santarosa.rs.gov.br\/index.php?rest_route=\/wp\/v2\/posts\/11259\/revisions\/11262"}],"wp:featuredmedia":[{"embeddable":true,"href":"https:\/\/prefeitura.santarosa.rs.gov.br\/index.php?rest_route=\/wp\/v2\/media\/11261"}],"wp:attachment":[{"href":"https:\/\/prefeitura.santarosa.rs.gov.br\/index.php?rest_route=%2Fwp%2Fv2%2Fmedia&parent=11259"}],"wp:term":[{"taxonomy":"category","embeddable":true,"href":"https:\/\/prefeitura.santarosa.rs.gov.br\/index.php?rest_route=%2Fwp%2Fv2%2Fcategories&post=11259"},{"taxonomy":"post_tag","embeddable":true,"href":"https:\/\/prefeitura.santarosa.rs.gov.br\/index.php?rest_route=%2Fwp%2Fv2%2Ftags&post=11259"}],"curies":[{"name":"wp","href":"https:\/\/api.w.org\/{rel}","templated":true}]}}