{"id":11242,"date":"2024-11-05T08:41:40","date_gmt":"2024-11-05T11:41:40","guid":{"rendered":"https:\/\/prefeitura.santarosa.rs.gov.br\/?p=11242"},"modified":"2024-11-05T08:41:41","modified_gmt":"2024-11-05T11:41:41","slug":"fumssar-divulga-programacao-do-novembro-azul","status":"publish","type":"post","link":"https:\/\/prefeitura.santarosa.rs.gov.br\/?p=11242","title":{"rendered":"FUMSSAR divulga programa\u00e7\u00e3o do Novembro Azul"},"content":{"rendered":"\n<figure class=\"wp-block-image size-full\"><img fetchpriority=\"high\" decoding=\"async\" width=\"860\" height=\"645\" src=\"https:\/\/prefeitura.santarosa.rs.gov.br\/wp-content\/uploads\/2024\/11\/Formato-Site-e-Portal-860X645-JPG-4.jpg\" alt=\"\" class=\"wp-image-11243\" srcset=\"https:\/\/prefeitura.santarosa.rs.gov.br\/wp-content\/uploads\/2024\/11\/Formato-Site-e-Portal-860X645-JPG-4.jpg 860w, https:\/\/prefeitura.santarosa.rs.gov.br\/wp-content\/uploads\/2024\/11\/Formato-Site-e-Portal-860X645-JPG-4-300x225.jpg 300w, https:\/\/prefeitura.santarosa.rs.gov.br\/wp-content\/uploads\/2024\/11\/Formato-Site-e-Portal-860X645-JPG-4-768x576.jpg 768w\" sizes=\"(max-width: 860px) 100vw, 860px\" \/><\/figure>\n\n\n\n<p>Novembro \u00e9 o m\u00eas de conscientiza\u00e7\u00e3o sobre os cuidados com a sa\u00fade do homem. A Funda\u00e7\u00e3o Municipal de Sa\u00fade de Santa Rosa (FUMSSAR) est\u00e1 promovendo diversas a\u00e7\u00f5es como parte da Campanha Novembro Azul. A iniciativa visa alertar o p\u00fablico masculino e a sociedade sobre a import\u00e2ncia da preven\u00e7\u00e3o de doen\u00e7as e a promo\u00e7\u00e3o da sa\u00fade, com \u00eanfase no combate ao c\u00e2ncer de pr\u00f3stata.<\/p>\n\n\n\n<p>A programa\u00e7\u00e3o deste ano inclui palestras, rodas de conversa, atividades ao ar livre e orienta\u00e7\u00f5es aos pacientes das Unidades B\u00e1sicas de Sa\u00fade do munic\u00edpio. A diretora da Aten\u00e7\u00e3o B\u00e1sica da FUMSSAR, Dra. Fabiana Breitenbach, destaca que os cuidados com a sa\u00fade devem ser adotados n\u00e3o apenas em novembro, mas durante todo o ano, \u201cQueremos refor\u00e7ar a import\u00e2ncia do autocuidado e desmistificar o preconceito em rela\u00e7\u00e3o aos exames de preven\u00e7\u00e3o. A informa\u00e7\u00e3o \u00e9 a chave para salvar vidas, e o Novembro Azul \u00e9 um excelente momento para isso\u201d.<\/p>\n\n\n\n<p>Conforme indica a Organiza\u00e7\u00e3o Mundial da Sa\u00fade (OMS), o c\u00e2ncer de pr\u00f3stata corresponde a 13,5% de todos os c\u00e2nceres no mundo. De janeiro a outubro deste ano, a FUMSSAR realizou 2.542 exames de Dosagem de Ant\u00edgeno Prost\u00e1tico Espec\u00edfico (PSA) e 355 Ultrassonografias de Pr\u00f3stata. Confira abaixo a programa\u00e7\u00e3o do Novembro Azul nas UBSs de Santa Rosa:<\/p>\n\n\n\n<ul class=\"wp-block-list\"><li>05\/11: UBS Cruzeiro do Sul &#8211; 08h<br>Local: UBS Cruzeiro do Sul<br>Evento: Fala da psic\u00f3loga sobre Sa\u00fade Mental<\/li><li>05\/11: UBS Sete de Setembro &#8211; 14h<br>Local: UBS Sete de Setembro<br>Evento: Palestra sobre Sa\u00fade do Homem<\/li><li>07\/11: UBS Guia Lopes &#8211; 08h30min<br>Local: UBS Guia Lopes<br>Evento: Roda de Conversa<\/li><li>14\/11: UBS Cruzeiro &#8211; 16h30min<br>Local: em frente ao posto de sa\u00fade de Cruzeiro<br>Evento: Drive-Thru para preven\u00e7\u00e3o de c\u00e2ncer de pr\u00f3stata e sa\u00fade do homem<\/li><li>25\/11: UBS Centro &#8211; 18h<br>Local: Parc\u00e3o<br>Evento: Roda de conversa sobre sa\u00fade do homem, jogos, testes r\u00e1pidos e verifica\u00e7\u00e3o de sinais vitais<\/li><\/ul>\n","protected":false},"excerpt":{"rendered":"<p>Novembro \u00e9 o m\u00eas de conscientiza\u00e7\u00e3o sobre os cuidados com a sa\u00fade do homem. A Funda\u00e7\u00e3o Municipal de Sa\u00fade de<\/p>\n","protected":false},"author":6,"featured_media":11244,"comment_status":"closed","ping_status":"closed","sticky":false,"template":"","format":"standard","meta":{"footnotes":""},"categories":[4,8],"tags":[],"class_list":["post-11242","post","type-post","status-publish","format-standard","has-post-thumbnail","hentry","category-noticias","category-noticias-fumssar"],"aioseo_notices":[],"_links":{"self":[{"href":"https:\/\/prefeitura.santarosa.rs.gov.br\/index.php?rest_route=\/wp\/v2\/posts\/11242","targetHints":{"allow":["GET"]}}],"collection":[{"href":"https:\/\/prefeitura.santarosa.rs.gov.br\/index.php?rest_route=\/wp\/v2\/posts"}],"about":[{"href":"https:\/\/prefeitura.santarosa.rs.gov.br\/index.php?rest_route=\/wp\/v2\/types\/post"}],"author":[{"embeddable":true,"href":"https:\/\/prefeitura.santarosa.rs.gov.br\/index.php?rest_route=\/wp\/v2\/users\/6"}],"replies":[{"embeddable":true,"href":"https:\/\/prefeitura.santarosa.rs.gov.br\/index.php?rest_route=%2Fwp%2Fv2%2Fcomments&post=11242"}],"version-history":[{"count":1,"href":"https:\/\/prefeitura.santarosa.rs.gov.br\/index.php?rest_route=\/wp\/v2\/posts\/11242\/revisions"}],"predecessor-version":[{"id":11245,"href":"https:\/\/prefeitura.santarosa.rs.gov.br\/index.php?rest_route=\/wp\/v2\/posts\/11242\/revisions\/11245"}],"wp:featuredmedia":[{"embeddable":true,"href":"https:\/\/prefeitura.santarosa.rs.gov.br\/index.php?rest_route=\/wp\/v2\/media\/11244"}],"wp:attachment":[{"href":"https:\/\/prefeitura.santarosa.rs.gov.br\/index.php?rest_route=%2Fwp%2Fv2%2Fmedia&parent=11242"}],"wp:term":[{"taxonomy":"category","embeddable":true,"href":"https:\/\/prefeitura.santarosa.rs.gov.br\/index.php?rest_route=%2Fwp%2Fv2%2Fcategories&post=11242"},{"taxonomy":"post_tag","embeddable":true,"href":"https:\/\/prefeitura.santarosa.rs.gov.br\/index.php?rest_route=%2Fwp%2Fv2%2Ftags&post=11242"}],"curies":[{"name":"wp","href":"https:\/\/api.w.org\/{rel}","templated":true}]}}