{"id":11237,"date":"2024-11-04T16:36:41","date_gmt":"2024-11-04T19:36:41","guid":{"rendered":"https:\/\/prefeitura.santarosa.rs.gov.br\/?p=11237"},"modified":"2024-11-04T16:36:42","modified_gmt":"2024-11-04T19:36:42","slug":"santa-rosa-tera-mapeamento-territorial-atualizado","status":"publish","type":"post","link":"https:\/\/prefeitura.santarosa.rs.gov.br\/?p=11237","title":{"rendered":"Santa Rosa ter\u00e1 mapeamento territorial atualizado"},"content":{"rendered":"\n<figure class=\"wp-block-image size-full\"><img fetchpriority=\"high\" decoding=\"async\" width=\"860\" height=\"645\" src=\"https:\/\/prefeitura.santarosa.rs.gov.br\/wp-content\/uploads\/2024\/11\/Formato-Site-e-Portal-860X645-JPG-3.jpg\" alt=\"\" class=\"wp-image-11238\" srcset=\"https:\/\/prefeitura.santarosa.rs.gov.br\/wp-content\/uploads\/2024\/11\/Formato-Site-e-Portal-860X645-JPG-3.jpg 860w, https:\/\/prefeitura.santarosa.rs.gov.br\/wp-content\/uploads\/2024\/11\/Formato-Site-e-Portal-860X645-JPG-3-300x225.jpg 300w, https:\/\/prefeitura.santarosa.rs.gov.br\/wp-content\/uploads\/2024\/11\/Formato-Site-e-Portal-860X645-JPG-3-768x576.jpg 768w\" sizes=\"(max-width: 860px) 100vw, 860px\" \/><\/figure>\n\n\n\n<p>O Governo Municipal tem investido na gest\u00e3o inteligente do munic\u00edpio. A atualiza\u00e7\u00e3o do mapeamento territorial da cidade e do interior come\u00e7ou por meio do projeto GEO Santa Rosa. Entre as principais vantagens, o projeto prev\u00ea a cobertura aerofotogram\u00e9trica de todo o munic\u00edpio, al\u00e9m do Modelo Digital de Terreno (MDT), do Modelo Digital de Superf\u00edcie (MDS) e da gera\u00e7\u00e3o de curvas de n\u00edvel. Tamb\u00e9m ser\u00e1 implementado um novo sistema de gest\u00e3o territorial com hospedagem, backup e disponibiliza\u00e7\u00e3o em nuvem, al\u00e9m da identifica\u00e7\u00e3o e mapeamento das edifica\u00e7\u00f5es e im\u00f3veis que comp\u00f5em o per\u00edmetro urbano.<\/p>\n\n\n\n<p>De forma integrada, os dados v\u00e3o compor um sistema moderno de aprova\u00e7\u00e3o digital de obras e regulariza\u00e7\u00e3o. A a\u00e7\u00e3o inclui o mapeamento m\u00f3vel terrestre com c\u00e2mera 360\u00ba (Street View), transportada por um ve\u00edculo de varredura cont\u00ednua &#8220;in loco&#8221;. A atividade ser\u00e1 realizada nos per\u00edmetros urbano e rural do munic\u00edpio, coletando informa\u00e7\u00f5es georreferenciadas sobre todos os logradouros, caracter\u00edsticas detalhadas dos im\u00f3veis, bem como diversas informa\u00e7\u00f5es que poder\u00e3o auxiliar na gest\u00e3o, no planejamento e na resolu\u00e7\u00e3o de demandas da cidade. O prefeito Anderson Mantei destaca a import\u00e2ncia de investir em tecnologia, &#8220;Essa \u00e9 uma ferramenta que vai trazer in\u00fameros benef\u00edcios para a popula\u00e7\u00e3o, como a redu\u00e7\u00e3o da burocracia para licen\u00e7as urban\u00edsticas, o monitoramento do crescimento e ordenamento do territ\u00f3rio, a preven\u00e7\u00e3o de ocupa\u00e7\u00e3o em \u00e1reas de risco e transpar\u00eancia para os cidad\u00e3os, al\u00e9m de ser um grande acervo de informa\u00e7\u00f5es que estar\u00e1 dispon\u00edvel no munic\u00edpio para os cidad\u00e3os e investidores que queiram se instalar aqui.&#8221;<\/p>\n\n\n\n<p>Os cadastros georreferenciados s\u00e3o fundamentais para o planejamento e a gest\u00e3o de informa\u00e7\u00f5es territoriais. Al\u00e9m disso, ser\u00e1 poss\u00edvel realizar a integra\u00e7\u00e3o de dados que vai auxiliar o trabalho da FUMSSAR e das secretarias de Administra\u00e7\u00e3o, Educa\u00e7\u00e3o, Desenvolvimento Social, Meio Ambiente, Desenvolvimento Econ\u00f4mico, Mobilidade Urbana, entre outras. A previs\u00e3o de conclus\u00e3o do mapeamento \u00e9 de 15 dias.<\/p>\n","protected":false},"excerpt":{"rendered":"<p>O Governo Municipal tem investido na gest\u00e3o inteligente do munic\u00edpio. A atualiza\u00e7\u00e3o do mapeamento territorial da cidade e do interior<\/p>\n","protected":false},"author":6,"featured_media":11239,"comment_status":"closed","ping_status":"closed","sticky":false,"template":"","format":"standard","meta":{"footnotes":""},"categories":[4,16,27,22],"tags":[],"class_list":["post-11237","post","type-post","status-publish","format-standard","has-post-thumbnail","hentry","category-noticias","category-secretaria-municipal-de-desenvolvimento-economico-turismo-e-tecnologia","category-secretaria-municipal-de-mobilidade-urbana","category-secretaria-municipal-de-planejamento-e-habitacao"],"aioseo_notices":[],"_links":{"self":[{"href":"https:\/\/prefeitura.santarosa.rs.gov.br\/index.php?rest_route=\/wp\/v2\/posts\/11237","targetHints":{"allow":["GET"]}}],"collection":[{"href":"https:\/\/prefeitura.santarosa.rs.gov.br\/index.php?rest_route=\/wp\/v2\/posts"}],"about":[{"href":"https:\/\/prefeitura.santarosa.rs.gov.br\/index.php?rest_route=\/wp\/v2\/types\/post"}],"author":[{"embeddable":true,"href":"https:\/\/prefeitura.santarosa.rs.gov.br\/index.php?rest_route=\/wp\/v2\/users\/6"}],"replies":[{"embeddable":true,"href":"https:\/\/prefeitura.santarosa.rs.gov.br\/index.php?rest_route=%2Fwp%2Fv2%2Fcomments&post=11237"}],"version-history":[{"count":1,"href":"https:\/\/prefeitura.santarosa.rs.gov.br\/index.php?rest_route=\/wp\/v2\/posts\/11237\/revisions"}],"predecessor-version":[{"id":11240,"href":"https:\/\/prefeitura.santarosa.rs.gov.br\/index.php?rest_route=\/wp\/v2\/posts\/11237\/revisions\/11240"}],"wp:featuredmedia":[{"embeddable":true,"href":"https:\/\/prefeitura.santarosa.rs.gov.br\/index.php?rest_route=\/wp\/v2\/media\/11239"}],"wp:attachment":[{"href":"https:\/\/prefeitura.santarosa.rs.gov.br\/index.php?rest_route=%2Fwp%2Fv2%2Fmedia&parent=11237"}],"wp:term":[{"taxonomy":"category","embeddable":true,"href":"https:\/\/prefeitura.santarosa.rs.gov.br\/index.php?rest_route=%2Fwp%2Fv2%2Fcategories&post=11237"},{"taxonomy":"post_tag","embeddable":true,"href":"https:\/\/prefeitura.santarosa.rs.gov.br\/index.php?rest_route=%2Fwp%2Fv2%2Ftags&post=11237"}],"curies":[{"name":"wp","href":"https:\/\/api.w.org\/{rel}","templated":true}]}}