{"id":11232,"date":"2024-11-04T15:30:45","date_gmt":"2024-11-04T18:30:45","guid":{"rendered":"https:\/\/prefeitura.santarosa.rs.gov.br\/?p=11232"},"modified":"2024-11-04T15:30:46","modified_gmt":"2024-11-04T18:30:46","slug":"prefeitura-inicia-projeto-de-atletismo-nas-escolas","status":"publish","type":"post","link":"https:\/\/prefeitura.santarosa.rs.gov.br\/?p=11232","title":{"rendered":"Prefeitura inicia projeto de atletismo nas escolas"},"content":{"rendered":"\n<figure class=\"wp-block-image size-full\"><img fetchpriority=\"high\" decoding=\"async\" width=\"860\" height=\"645\" src=\"https:\/\/prefeitura.santarosa.rs.gov.br\/wp-content\/uploads\/2024\/11\/Formato-Site-e-Portal-860X645-JPG-2.jpg\" alt=\"\" class=\"wp-image-11233\" srcset=\"https:\/\/prefeitura.santarosa.rs.gov.br\/wp-content\/uploads\/2024\/11\/Formato-Site-e-Portal-860X645-JPG-2.jpg 860w, https:\/\/prefeitura.santarosa.rs.gov.br\/wp-content\/uploads\/2024\/11\/Formato-Site-e-Portal-860X645-JPG-2-300x225.jpg 300w, https:\/\/prefeitura.santarosa.rs.gov.br\/wp-content\/uploads\/2024\/11\/Formato-Site-e-Portal-860X645-JPG-2-768x576.jpg 768w\" sizes=\"(max-width: 860px) 100vw, 860px\" \/><\/figure>\n\n\n\n<p>Teve in\u00edcio em Santa Rosa o projeto &#8220;Atletismo na Escola&#8221;, implementado em tr\u00eas institui\u00e7\u00f5es da Rede Municipal de Ensino. Nesta segunda-feira (04), o prefeito Anderson Mantei assinou um termo de fomento com a Associa\u00e7\u00e3o 15 Milhas de Corredores de Rua de Santa Rosa. O objetivo \u00e9 promover o esporte e descobrir novos talentos entre crian\u00e7as e adolescentes. As atividades ser\u00e3o realizadas com recursos do munic\u00edpio.<\/p>\n\n\n\n<p>O projeto ser\u00e1 implementado nas escolas municipais 15 de Novembro, Santa Rita e Nossa Senhora de F\u00e1tima. Ao todo, R$ 54.140 ser\u00e3o investidos pelo munic\u00edpio para atender jovens de 8 a 18 anos, oferecendo treinamento em diversas modalidades de atletismo. Este investimento ser\u00e1 utilizado ao longo de um ano para a compra de equipamentos e materiais necess\u00e1rios \u00e0 pr\u00e1tica e desenvolvimento do esporte. O presidente da associa\u00e7\u00e3o e treinador respons\u00e1vel pelo projeto, Claudio Menzel, expressou entusiasmo com o in\u00edcio das atividades, &#8220;\u00c9 a realiza\u00e7\u00e3o de um sonho. Vamos conseguir auxiliar muitos jovens a desenvolver habilidades e alcan\u00e7ar objetivos, pois sabemos que o esporte transforma vidas. Agradecemos o apoio da Secretaria de Esporte e do prefeito por acreditarem no nosso trabalho&#8221;.<\/p>\n\n\n\n<p>Para o prefeito Anderson Mantei, o incentivo ao esporte nas escolas \u00e9 essencial para o desenvolvimento das novas gera\u00e7\u00f5es, &#8220;Queremos proporcionar oportunidades para que nossas crian\u00e7as e adolescentes cres\u00e7am com disciplina e sa\u00fade. A parceria com a Associa\u00e7\u00e3o 15 Milhas \u00e9 uma grande conquista para Santa Rosa, pois estamos n\u00e3o apenas promovendo o esporte, mas tamb\u00e9m investindo no futuro desses jovens&#8221;. A equipe t\u00e9cnica do projeto tamb\u00e9m contar\u00e1 com a treinadora Anny Lubschinski, que ir\u00e1 auxiliar nos treinamentos e acompanhar o desenvolvimento dos alunos.<\/p>\n","protected":false},"excerpt":{"rendered":"<p>Teve in\u00edcio em Santa Rosa o projeto &#8220;Atletismo na Escola&#8221;, implementado em tr\u00eas institui\u00e7\u00f5es da Rede Municipal de Ensino. Nesta<\/p>\n","protected":false},"author":6,"featured_media":11234,"comment_status":"closed","ping_status":"closed","sticky":false,"template":"","format":"standard","meta":{"footnotes":""},"categories":[4,19],"tags":[],"class_list":["post-11232","post","type-post","status-publish","format-standard","has-post-thumbnail","hentry","category-noticias","category-secretaria-municipal-de-esporte"],"aioseo_notices":[],"_links":{"self":[{"href":"https:\/\/prefeitura.santarosa.rs.gov.br\/index.php?rest_route=\/wp\/v2\/posts\/11232","targetHints":{"allow":["GET"]}}],"collection":[{"href":"https:\/\/prefeitura.santarosa.rs.gov.br\/index.php?rest_route=\/wp\/v2\/posts"}],"about":[{"href":"https:\/\/prefeitura.santarosa.rs.gov.br\/index.php?rest_route=\/wp\/v2\/types\/post"}],"author":[{"embeddable":true,"href":"https:\/\/prefeitura.santarosa.rs.gov.br\/index.php?rest_route=\/wp\/v2\/users\/6"}],"replies":[{"embeddable":true,"href":"https:\/\/prefeitura.santarosa.rs.gov.br\/index.php?rest_route=%2Fwp%2Fv2%2Fcomments&post=11232"}],"version-history":[{"count":1,"href":"https:\/\/prefeitura.santarosa.rs.gov.br\/index.php?rest_route=\/wp\/v2\/posts\/11232\/revisions"}],"predecessor-version":[{"id":11235,"href":"https:\/\/prefeitura.santarosa.rs.gov.br\/index.php?rest_route=\/wp\/v2\/posts\/11232\/revisions\/11235"}],"wp:featuredmedia":[{"embeddable":true,"href":"https:\/\/prefeitura.santarosa.rs.gov.br\/index.php?rest_route=\/wp\/v2\/media\/11234"}],"wp:attachment":[{"href":"https:\/\/prefeitura.santarosa.rs.gov.br\/index.php?rest_route=%2Fwp%2Fv2%2Fmedia&parent=11232"}],"wp:term":[{"taxonomy":"category","embeddable":true,"href":"https:\/\/prefeitura.santarosa.rs.gov.br\/index.php?rest_route=%2Fwp%2Fv2%2Fcategories&post=11232"},{"taxonomy":"post_tag","embeddable":true,"href":"https:\/\/prefeitura.santarosa.rs.gov.br\/index.php?rest_route=%2Fwp%2Fv2%2Ftags&post=11232"}],"curies":[{"name":"wp","href":"https:\/\/api.w.org\/{rel}","templated":true}]}}