{"id":11213,"date":"2024-11-01T09:56:00","date_gmt":"2024-11-01T12:56:00","guid":{"rendered":"https:\/\/prefeitura.santarosa.rs.gov.br\/?p=11213"},"modified":"2024-11-04T09:57:20","modified_gmt":"2024-11-04T12:57:20","slug":"emef-princesa-isabel-realiza-3o-festival-de-poesias","status":"publish","type":"post","link":"https:\/\/prefeitura.santarosa.rs.gov.br\/?p=11213","title":{"rendered":"EMEF Princesa Isabel realiza 3\u00ba Festival de Poesias"},"content":{"rendered":"\n<figure class=\"wp-block-image size-full\"><img fetchpriority=\"high\" decoding=\"async\" width=\"860\" height=\"645\" src=\"https:\/\/prefeitura.santarosa.rs.gov.br\/wp-content\/uploads\/2024\/11\/Formato-Site-e-Portal-860X645-JPG-1-1.jpg\" alt=\"\" class=\"wp-image-11214\" srcset=\"https:\/\/prefeitura.santarosa.rs.gov.br\/wp-content\/uploads\/2024\/11\/Formato-Site-e-Portal-860X645-JPG-1-1.jpg 860w, https:\/\/prefeitura.santarosa.rs.gov.br\/wp-content\/uploads\/2024\/11\/Formato-Site-e-Portal-860X645-JPG-1-1-300x225.jpg 300w, https:\/\/prefeitura.santarosa.rs.gov.br\/wp-content\/uploads\/2024\/11\/Formato-Site-e-Portal-860X645-JPG-1-1-768x576.jpg 768w\" sizes=\"(max-width: 860px) 100vw, 860px\" \/><\/figure>\n\n\n\n<p>Com o objetivo de incentivar a leitura, a escrita e a criatividade dos alunos, a EMEF Princesa Isabel &#8211; Escola do Campo &#8211; realizou, na quarta-feira (30), o 3\u00ba Festival de Poesias. O evento foi organizado pela professora de L\u00edngua Portuguesa, Mariel Haubert, com o apoio da coordena\u00e7\u00e3o e dire\u00e7\u00e3o da escola. O festival contou com duas categorias: interpreta\u00e7\u00e3o e composi\u00e7\u00e3o.<\/p>\n\n\n\n<p>Na categoria de composi\u00e7\u00e3o, os estudantes foram desafiados a escrever poemas sobre temas como vida no campo, natureza, cotidiano, escola e valores. As categorias foram divididas em Dente de Leite (1\u00ba, 2\u00ba e 3\u00ba anos), Mirim (4\u00ba e 5\u00ba anos), Infantojuvenil (6\u00ba e 7\u00ba anos) e Juvenil (8\u00ba e 9\u00ba anos). Os poemas foram avaliados com base na qualidade do texto po\u00e9tico: lirismo, eleg\u00e2ncia, coer\u00eancia, originalidade e criatividade. O resultado desse trabalho foi publicado no livro \u201cTra\u00e7os e Vozes: desenhos e poemas da nossa inf\u00e2ncia e juventude\u201d, desenvolvido com o patroc\u00ednio e apoio de diversas institui\u00e7\u00f5es.<\/p>\n\n\n\n<p>Na categoria de interpreta\u00e7\u00e3o, cada estudante escolheu um poema para declamar (de sua autoria ou de autores consagrados pela Literatura). O crit\u00e9rio de avalia\u00e7\u00e3o, nesta categoria, foi a forma de interpreta\u00e7\u00e3o (dic\u00e7\u00e3o, orat\u00f3ria, entona\u00e7\u00e3o, carisma, express\u00e3o corporal e memoriza\u00e7\u00e3o). O vice-prefeito Aldemir Ulrich, participou do evento e parabenizou os alunos e professores, \u201cFicamos muito contentes em poder presenciar a criatividade dos nossos alunos na composi\u00e7\u00e3o e declama\u00e7\u00e3o dos poemas. A\u00e7\u00f5es como essa desenvolvem a oralidade, a imagina\u00e7\u00e3o, a escrita e a express\u00e3o, e, por meio desse contato, estimulam o conhecimento e descobertas sobre o mundo liter\u00e1rio\u201d, destacou.<\/p>\n\n\n\n<p>A sele\u00e7\u00e3o dos vencedores em cada categoria foi realizada por jurados que junto da Secret\u00e1ria de Educa\u00e7\u00e3o Josyane Heck entregaram trof\u00e9us e medalhas. A EMEF Princesa Isabel est\u00e1 localizada no interior de Santa Rosa e conta atualmente com 98 alunos matriculados.<\/p>\n","protected":false},"excerpt":{"rendered":"<p>Com o objetivo de incentivar a leitura, a escrita e a criatividade dos alunos, a EMEF Princesa Isabel &#8211; Escola<\/p>\n","protected":false},"author":6,"featured_media":11215,"comment_status":"closed","ping_status":"closed","sticky":false,"template":"","format":"standard","meta":{"footnotes":""},"categories":[4,18],"tags":[],"class_list":["post-11213","post","type-post","status-publish","format-standard","has-post-thumbnail","hentry","category-noticias","category-secretaria-municipal-de-educacao-e-cultura"],"aioseo_notices":[],"_links":{"self":[{"href":"https:\/\/prefeitura.santarosa.rs.gov.br\/index.php?rest_route=\/wp\/v2\/posts\/11213","targetHints":{"allow":["GET"]}}],"collection":[{"href":"https:\/\/prefeitura.santarosa.rs.gov.br\/index.php?rest_route=\/wp\/v2\/posts"}],"about":[{"href":"https:\/\/prefeitura.santarosa.rs.gov.br\/index.php?rest_route=\/wp\/v2\/types\/post"}],"author":[{"embeddable":true,"href":"https:\/\/prefeitura.santarosa.rs.gov.br\/index.php?rest_route=\/wp\/v2\/users\/6"}],"replies":[{"embeddable":true,"href":"https:\/\/prefeitura.santarosa.rs.gov.br\/index.php?rest_route=%2Fwp%2Fv2%2Fcomments&post=11213"}],"version-history":[{"count":1,"href":"https:\/\/prefeitura.santarosa.rs.gov.br\/index.php?rest_route=\/wp\/v2\/posts\/11213\/revisions"}],"predecessor-version":[{"id":11216,"href":"https:\/\/prefeitura.santarosa.rs.gov.br\/index.php?rest_route=\/wp\/v2\/posts\/11213\/revisions\/11216"}],"wp:featuredmedia":[{"embeddable":true,"href":"https:\/\/prefeitura.santarosa.rs.gov.br\/index.php?rest_route=\/wp\/v2\/media\/11215"}],"wp:attachment":[{"href":"https:\/\/prefeitura.santarosa.rs.gov.br\/index.php?rest_route=%2Fwp%2Fv2%2Fmedia&parent=11213"}],"wp:term":[{"taxonomy":"category","embeddable":true,"href":"https:\/\/prefeitura.santarosa.rs.gov.br\/index.php?rest_route=%2Fwp%2Fv2%2Fcategories&post=11213"},{"taxonomy":"post_tag","embeddable":true,"href":"https:\/\/prefeitura.santarosa.rs.gov.br\/index.php?rest_route=%2Fwp%2Fv2%2Ftags&post=11213"}],"curies":[{"name":"wp","href":"https:\/\/api.w.org\/{rel}","templated":true}]}}