{"id":11207,"date":"2024-11-01T09:03:00","date_gmt":"2024-11-01T12:03:00","guid":{"rendered":"https:\/\/prefeitura.santarosa.rs.gov.br\/?p=11207"},"modified":"2024-11-04T09:08:44","modified_gmt":"2024-11-04T12:08:44","slug":"prefeitura-realiza-melhorias-em-cemiterios-municipais-para-o-dia-de-finados","status":"publish","type":"post","link":"https:\/\/prefeitura.santarosa.rs.gov.br\/?p=11207","title":{"rendered":"Prefeitura realiza melhorias em cemit\u00e9rios municipais para o Dia de Finados"},"content":{"rendered":"\n<figure class=\"wp-block-image size-full\"><img fetchpriority=\"high\" decoding=\"async\" width=\"860\" height=\"645\" src=\"https:\/\/prefeitura.santarosa.rs.gov.br\/wp-content\/uploads\/2024\/11\/Formato-Site-e-Portal-860X645-JPG.jpg\" alt=\"\" class=\"wp-image-11208\" srcset=\"https:\/\/prefeitura.santarosa.rs.gov.br\/wp-content\/uploads\/2024\/11\/Formato-Site-e-Portal-860X645-JPG.jpg 860w, https:\/\/prefeitura.santarosa.rs.gov.br\/wp-content\/uploads\/2024\/11\/Formato-Site-e-Portal-860X645-JPG-300x225.jpg 300w, https:\/\/prefeitura.santarosa.rs.gov.br\/wp-content\/uploads\/2024\/11\/Formato-Site-e-Portal-860X645-JPG-768x576.jpg 768w\" sizes=\"(max-width: 860px) 100vw, 860px\" \/><\/figure>\n\n\n\n<p>A Prefeitura de Santa Rosa, por meio da Secretaria de Obras, intensificou os trabalhos de limpeza e manuten\u00e7\u00e3o nos cemit\u00e9rios municipais para o feriado de Finados, que ocorre no pr\u00f3ximo s\u00e1bado, 2 de novembro. Embora sejam a\u00e7\u00f5es rotineiras, os servi\u00e7os foram refor\u00e7ados para melhor receber os visitantes. O hor\u00e1rio de visita\u00e7\u00e3o \u00e9 das 7h \u00e0s 12h e das 13h \u00e0s 18h.<\/p>\n\n\n\n<p>Entre as atividades realizadas, destacam-se a ro\u00e7ada, o corte de grama, a pintura dos muros e meios-fios, o recolhimento de entulhos e o fechamento do muro dos fundos no Cemit\u00e9rio Municipal Jardim da Paz, localizado na Avenida Borges de Medeiros. No Cemit\u00e9rio Campo da Paz, em Cruzeiro, foram executados os mesmos servi\u00e7os de ro\u00e7ada, pintura e recolhimento de entulhos. O secret\u00e1rio de Obras, Alexandre Barbosa, ressaltou a import\u00e2ncia das melhorias para acolher os visitantes nesta data, \u201cNosso trabalho \u00e9 garantir que as fam\u00edlias encontrem um ambiente limpo e organizado para suas homenagens\u201d.<\/p>\n\n\n\n<p>A equipe da Secretaria de Gest\u00e3o, por sua vez, est\u00e1 conduzindo um processo de atualiza\u00e7\u00e3o cadastral nos cemit\u00e9rios municipais. No Cemit\u00e9rio Jardim da Paz, 9.860 sepulturas est\u00e3o cadastradas, sendo que 1.322 ainda n\u00e3o possuem identifica\u00e7\u00e3o devido \u00e0 aus\u00eancia de informa\u00e7\u00f5es na l\u00e1pide. No Cemit\u00e9rio Campo da Paz, onde h\u00e1 3.759 sepulturas, 263 ainda precisam ser identificadas. A previs\u00e3o \u00e9 de que o cadastramento seja conclu\u00eddo at\u00e9 o final de novembro. O servi\u00e7o de consulta aos cadastros j\u00e1 est\u00e1 dispon\u00edvel no Portal Cidad\u00e3o e no aplicativo Atende.net.<\/p>\n\n\n\n<p>Al\u00e9m da organiza\u00e7\u00e3o cadastral, outras melhorias seguem em andamento. A obra de fechamento do muro no Jardim da Paz est\u00e1 em fase final, e um novo muro ser\u00e1 constru\u00eddo em breve no Cemit\u00e9rio de Cruzeiro, com execu\u00e7\u00e3o realizada pela Secretaria de Obras.<\/p>\n","protected":false},"excerpt":{"rendered":"<p>A Prefeitura de Santa Rosa, por meio da Secretaria de Obras, intensificou os trabalhos de limpeza e manuten\u00e7\u00e3o nos cemit\u00e9rios<\/p>\n","protected":false},"author":6,"featured_media":11209,"comment_status":"closed","ping_status":"closed","sticky":false,"template":"","format":"standard","meta":{"footnotes":""},"categories":[4,21],"tags":[],"class_list":["post-11207","post","type-post","status-publish","format-standard","has-post-thumbnail","hentry","category-noticias","category-secretaria-municipal-de-obras"],"aioseo_notices":[],"_links":{"self":[{"href":"https:\/\/prefeitura.santarosa.rs.gov.br\/index.php?rest_route=\/wp\/v2\/posts\/11207","targetHints":{"allow":["GET"]}}],"collection":[{"href":"https:\/\/prefeitura.santarosa.rs.gov.br\/index.php?rest_route=\/wp\/v2\/posts"}],"about":[{"href":"https:\/\/prefeitura.santarosa.rs.gov.br\/index.php?rest_route=\/wp\/v2\/types\/post"}],"author":[{"embeddable":true,"href":"https:\/\/prefeitura.santarosa.rs.gov.br\/index.php?rest_route=\/wp\/v2\/users\/6"}],"replies":[{"embeddable":true,"href":"https:\/\/prefeitura.santarosa.rs.gov.br\/index.php?rest_route=%2Fwp%2Fv2%2Fcomments&post=11207"}],"version-history":[{"count":1,"href":"https:\/\/prefeitura.santarosa.rs.gov.br\/index.php?rest_route=\/wp\/v2\/posts\/11207\/revisions"}],"predecessor-version":[{"id":11210,"href":"https:\/\/prefeitura.santarosa.rs.gov.br\/index.php?rest_route=\/wp\/v2\/posts\/11207\/revisions\/11210"}],"wp:featuredmedia":[{"embeddable":true,"href":"https:\/\/prefeitura.santarosa.rs.gov.br\/index.php?rest_route=\/wp\/v2\/media\/11209"}],"wp:attachment":[{"href":"https:\/\/prefeitura.santarosa.rs.gov.br\/index.php?rest_route=%2Fwp%2Fv2%2Fmedia&parent=11207"}],"wp:term":[{"taxonomy":"category","embeddable":true,"href":"https:\/\/prefeitura.santarosa.rs.gov.br\/index.php?rest_route=%2Fwp%2Fv2%2Fcategories&post=11207"},{"taxonomy":"post_tag","embeddable":true,"href":"https:\/\/prefeitura.santarosa.rs.gov.br\/index.php?rest_route=%2Fwp%2Fv2%2Ftags&post=11207"}],"curies":[{"name":"wp","href":"https:\/\/api.w.org\/{rel}","templated":true}]}}