{"id":11197,"date":"2024-10-30T15:59:24","date_gmt":"2024-10-30T18:59:24","guid":{"rendered":"https:\/\/prefeitura.santarosa.rs.gov.br\/?p=11197"},"modified":"2024-10-30T15:59:24","modified_gmt":"2024-10-30T18:59:24","slug":"banco-de-alimentos-de-santa-rosa-recebe-meia-tonelada-de-doacoes","status":"publish","type":"post","link":"https:\/\/prefeitura.santarosa.rs.gov.br\/?p=11197","title":{"rendered":"<strong>Banco de Alimentos de Santa Rosa recebe meia tonelada de doa\u00e7\u00f5es<\/strong>"},"content":{"rendered":"\n<figure class=\"wp-block-image size-full\"><img fetchpriority=\"high\" decoding=\"async\" width=\"860\" height=\"645\" src=\"https:\/\/prefeitura.santarosa.rs.gov.br\/wp-content\/uploads\/2024\/10\/Formato-Site-e-Portal-860X645-JPG-2024-10-30T151241.872.jpg\" alt=\"\" class=\"wp-image-11198\" srcset=\"https:\/\/prefeitura.santarosa.rs.gov.br\/wp-content\/uploads\/2024\/10\/Formato-Site-e-Portal-860X645-JPG-2024-10-30T151241.872.jpg 860w, https:\/\/prefeitura.santarosa.rs.gov.br\/wp-content\/uploads\/2024\/10\/Formato-Site-e-Portal-860X645-JPG-2024-10-30T151241.872-300x225.jpg 300w, https:\/\/prefeitura.santarosa.rs.gov.br\/wp-content\/uploads\/2024\/10\/Formato-Site-e-Portal-860X645-JPG-2024-10-30T151241.872-768x576.jpg 768w\" sizes=\"(max-width: 860px) 100vw, 860px\" \/><\/figure>\n\n\n\n<p>Nesta semana, a equipe da Secretaria de Desenvolvimento Social recebeu meia tonelada de doa\u00e7\u00f5es para o Banco de Alimentos de Santa Rosa. As doa\u00e7\u00f5es foram arrecadadas durante o Aldeia Sesc, evento realizado entre os dias 23 e 26 de outubro. A a\u00e7\u00e3o cultural reuniu mais de 5 mil pessoas e foi promovida pelo Sesc, em parceria com o Departamento de Turismo e Eventos da prefeitura e com o apoio da Secretaria de Educa\u00e7\u00e3o.<\/p>\n\n\n\n<p>Os alimentos n\u00e3o perec\u00edveis ser\u00e3o organizados em cestas b\u00e1sicas e distribu\u00eddos para fam\u00edlias em situa\u00e7\u00e3o de vulnerabilidade social, cadastradas e atendidas por entidades socioassistenciais do munic\u00edpio. O diretor de Turismo de Santa Rosa, Ivan Squinzani, destacou a import\u00e2ncia da a\u00e7\u00e3o: &#8220;Ficamos muito contentes de, por meio das atividades culturais, poder tamb\u00e9m contribuir com o Banco de Alimentos e, assim, auxiliar muitas fam\u00edlias de Santa Rosa&#8221;.<\/p>\n\n\n\n<p>Quem desejar colaborar com o Banco de Alimentos pode deixar sua doa\u00e7\u00e3o na Secretaria de Desenvolvimento Social, localizada na Rua Minas Gerais, n\u00ba 86, Centro.<\/p>\n","protected":false},"excerpt":{"rendered":"<p>Nesta semana, a equipe da Secretaria de Desenvolvimento Social recebeu meia tonelada de doa\u00e7\u00f5es para o Banco de Alimentos de<\/p>\n","protected":false},"author":6,"featured_media":11199,"comment_status":"closed","ping_status":"closed","sticky":false,"template":"","format":"standard","meta":{"footnotes":""},"categories":[4,16],"tags":[],"class_list":["post-11197","post","type-post","status-publish","format-standard","has-post-thumbnail","hentry","category-noticias","category-secretaria-municipal-de-desenvolvimento-economico-turismo-e-tecnologia"],"aioseo_notices":[],"_links":{"self":[{"href":"https:\/\/prefeitura.santarosa.rs.gov.br\/index.php?rest_route=\/wp\/v2\/posts\/11197","targetHints":{"allow":["GET"]}}],"collection":[{"href":"https:\/\/prefeitura.santarosa.rs.gov.br\/index.php?rest_route=\/wp\/v2\/posts"}],"about":[{"href":"https:\/\/prefeitura.santarosa.rs.gov.br\/index.php?rest_route=\/wp\/v2\/types\/post"}],"author":[{"embeddable":true,"href":"https:\/\/prefeitura.santarosa.rs.gov.br\/index.php?rest_route=\/wp\/v2\/users\/6"}],"replies":[{"embeddable":true,"href":"https:\/\/prefeitura.santarosa.rs.gov.br\/index.php?rest_route=%2Fwp%2Fv2%2Fcomments&post=11197"}],"version-history":[{"count":1,"href":"https:\/\/prefeitura.santarosa.rs.gov.br\/index.php?rest_route=\/wp\/v2\/posts\/11197\/revisions"}],"predecessor-version":[{"id":11200,"href":"https:\/\/prefeitura.santarosa.rs.gov.br\/index.php?rest_route=\/wp\/v2\/posts\/11197\/revisions\/11200"}],"wp:featuredmedia":[{"embeddable":true,"href":"https:\/\/prefeitura.santarosa.rs.gov.br\/index.php?rest_route=\/wp\/v2\/media\/11199"}],"wp:attachment":[{"href":"https:\/\/prefeitura.santarosa.rs.gov.br\/index.php?rest_route=%2Fwp%2Fv2%2Fmedia&parent=11197"}],"wp:term":[{"taxonomy":"category","embeddable":true,"href":"https:\/\/prefeitura.santarosa.rs.gov.br\/index.php?rest_route=%2Fwp%2Fv2%2Fcategories&post=11197"},{"taxonomy":"post_tag","embeddable":true,"href":"https:\/\/prefeitura.santarosa.rs.gov.br\/index.php?rest_route=%2Fwp%2Fv2%2Ftags&post=11197"}],"curies":[{"name":"wp","href":"https:\/\/api.w.org\/{rel}","templated":true}]}}