{"id":11140,"date":"2024-10-24T15:38:45","date_gmt":"2024-10-24T18:38:45","guid":{"rendered":"https:\/\/prefeitura.santarosa.rs.gov.br\/?p=11140"},"modified":"2024-10-24T15:38:46","modified_gmt":"2024-10-24T18:38:46","slug":"obra-de-asfalto-da-estrada-waldow-esta-concluida","status":"publish","type":"post","link":"https:\/\/prefeitura.santarosa.rs.gov.br\/?p=11140","title":{"rendered":"<strong>Obra de asfalto da Estrada Waldow est\u00e1 conclu\u00edda<\/strong>"},"content":{"rendered":"\n<figure class=\"wp-block-image size-full\"><img fetchpriority=\"high\" decoding=\"async\" width=\"860\" height=\"645\" src=\"https:\/\/prefeitura.santarosa.rs.gov.br\/wp-content\/uploads\/2024\/10\/Formato-Site-e-Portal-860X645-JPG-2024-10-24T153236.971.jpg\" alt=\"\" class=\"wp-image-11141\" srcset=\"https:\/\/prefeitura.santarosa.rs.gov.br\/wp-content\/uploads\/2024\/10\/Formato-Site-e-Portal-860X645-JPG-2024-10-24T153236.971.jpg 860w, https:\/\/prefeitura.santarosa.rs.gov.br\/wp-content\/uploads\/2024\/10\/Formato-Site-e-Portal-860X645-JPG-2024-10-24T153236.971-300x225.jpg 300w, https:\/\/prefeitura.santarosa.rs.gov.br\/wp-content\/uploads\/2024\/10\/Formato-Site-e-Portal-860X645-JPG-2024-10-24T153236.971-768x576.jpg 768w\" sizes=\"(max-width: 860px) 100vw, 860px\" \/><\/figure>\n\n\n\n<p>O interior de Santa Rosa tem sido contemplado com muitas melhorias. Uma das obras conclu\u00eddas recentemente \u00e9 a pavimenta\u00e7\u00e3o asf\u00e1ltica da Estrada&nbsp;Waldow. Foram realizados mais de 4 mil metros quadrados de asfalto no trecho de liga\u00e7\u00e3o da RS-344 com o acesso para Candeia.<\/p>\n\n\n\n<p>O local recebeu um investimento de cerca de R$ 700 mil. O vice-prefeito Aldemir Ulrich destacou que essa a\u00e7\u00e3o trouxe mais infraestrutura para a comunidade que vive em Candeia e utiliza esse trajeto, \u201cEste \u00e9 um importante acesso do interior que agora foi contemplado com asfalto. Estamos investindo em melhorias nas comunidades, com o objetivo de oferecer melhores condi\u00e7\u00f5es de tr\u00e1fego aos moradores da zona rural\u201d.<\/p>\n\n\n\n<p>Al\u00e9m do asfalto, foram realizados no local servi\u00e7os complementares de regulariza\u00e7\u00e3o da superf\u00edcie, execu\u00e7\u00e3o e compacta\u00e7\u00e3o de base e sub-base com solo-brita, enleivamento de sarjetas e sinaliza\u00e7\u00e3o horizontal e vertical.<\/p>\n","protected":false},"excerpt":{"rendered":"<p>O interior de Santa Rosa tem sido contemplado com muitas melhorias. Uma das obras conclu\u00eddas recentemente \u00e9 a pavimenta\u00e7\u00e3o asf\u00e1ltica<\/p>\n","protected":false},"author":6,"featured_media":11142,"comment_status":"closed","ping_status":"closed","sticky":false,"template":"","format":"standard","meta":{"footnotes":""},"categories":[4,22],"tags":[],"class_list":["post-11140","post","type-post","status-publish","format-standard","has-post-thumbnail","hentry","category-noticias","category-secretaria-municipal-de-planejamento-e-habitacao"],"aioseo_notices":[],"_links":{"self":[{"href":"https:\/\/prefeitura.santarosa.rs.gov.br\/index.php?rest_route=\/wp\/v2\/posts\/11140","targetHints":{"allow":["GET"]}}],"collection":[{"href":"https:\/\/prefeitura.santarosa.rs.gov.br\/index.php?rest_route=\/wp\/v2\/posts"}],"about":[{"href":"https:\/\/prefeitura.santarosa.rs.gov.br\/index.php?rest_route=\/wp\/v2\/types\/post"}],"author":[{"embeddable":true,"href":"https:\/\/prefeitura.santarosa.rs.gov.br\/index.php?rest_route=\/wp\/v2\/users\/6"}],"replies":[{"embeddable":true,"href":"https:\/\/prefeitura.santarosa.rs.gov.br\/index.php?rest_route=%2Fwp%2Fv2%2Fcomments&post=11140"}],"version-history":[{"count":1,"href":"https:\/\/prefeitura.santarosa.rs.gov.br\/index.php?rest_route=\/wp\/v2\/posts\/11140\/revisions"}],"predecessor-version":[{"id":11143,"href":"https:\/\/prefeitura.santarosa.rs.gov.br\/index.php?rest_route=\/wp\/v2\/posts\/11140\/revisions\/11143"}],"wp:featuredmedia":[{"embeddable":true,"href":"https:\/\/prefeitura.santarosa.rs.gov.br\/index.php?rest_route=\/wp\/v2\/media\/11142"}],"wp:attachment":[{"href":"https:\/\/prefeitura.santarosa.rs.gov.br\/index.php?rest_route=%2Fwp%2Fv2%2Fmedia&parent=11140"}],"wp:term":[{"taxonomy":"category","embeddable":true,"href":"https:\/\/prefeitura.santarosa.rs.gov.br\/index.php?rest_route=%2Fwp%2Fv2%2Fcategories&post=11140"},{"taxonomy":"post_tag","embeddable":true,"href":"https:\/\/prefeitura.santarosa.rs.gov.br\/index.php?rest_route=%2Fwp%2Fv2%2Ftags&post=11140"}],"curies":[{"name":"wp","href":"https:\/\/api.w.org\/{rel}","templated":true}]}}