{"id":11136,"date":"2024-10-23T15:29:16","date_gmt":"2024-10-23T18:29:16","guid":{"rendered":"https:\/\/prefeitura.santarosa.rs.gov.br\/?p=11136"},"modified":"2024-10-23T15:29:17","modified_gmt":"2024-10-23T18:29:17","slug":"em-andamento-obra-da-praca-do-liminha","status":"publish","type":"post","link":"https:\/\/prefeitura.santarosa.rs.gov.br\/?p=11136","title":{"rendered":"<strong>Em andamento obra da Pra\u00e7a do Liminha<\/strong>"},"content":{"rendered":"\n<figure class=\"wp-block-image size-full\"><img fetchpriority=\"high\" decoding=\"async\" width=\"860\" height=\"645\" src=\"https:\/\/prefeitura.santarosa.rs.gov.br\/wp-content\/uploads\/2024\/10\/Formato-Site-e-Portal-860X645-JPG-2024-10-23T152802.955.jpg\" alt=\"\" class=\"wp-image-11137\" srcset=\"https:\/\/prefeitura.santarosa.rs.gov.br\/wp-content\/uploads\/2024\/10\/Formato-Site-e-Portal-860X645-JPG-2024-10-23T152802.955.jpg 860w, https:\/\/prefeitura.santarosa.rs.gov.br\/wp-content\/uploads\/2024\/10\/Formato-Site-e-Portal-860X645-JPG-2024-10-23T152802.955-300x225.jpg 300w, https:\/\/prefeitura.santarosa.rs.gov.br\/wp-content\/uploads\/2024\/10\/Formato-Site-e-Portal-860X645-JPG-2024-10-23T152802.955-768x576.jpg 768w\" sizes=\"(max-width: 860px) 100vw, 860px\" \/><\/figure>\n\n\n\n<p>O Governo Municipal tem investido nos espa\u00e7os p\u00fablicos de Santa Rosa. Entre os projetos em andamento est\u00e1 a constru\u00e7\u00e3o de uma nova pra\u00e7a, localizada na Av. Borges de Medeiros, em frente ao complexo do Liminha. A obra est\u00e1 40% conclu\u00edda, com previs\u00e3o de entrega para dezembro de 2024. Mais de R$ 500 mil de recursos pr\u00f3prios est\u00e3o sendo investidos.<\/p>\n\n\n\n<p>A nova pra\u00e7a vai contar com uma \u00e1rea de 1.500 metros quadrados. Ser\u00e3o instalados bancos, lixeiras e ilumina\u00e7\u00e3o com tecnologia LED. O espa\u00e7o tamb\u00e9m vai contar com paisagismo e acessibilidade. Outro detalhe importante \u00e9 que as esculturas que antes estavam fixadas no local ser\u00e3o preservadas. O prefeito Anderson Mantei destaca que a Gest\u00e3o tem investido nos parques e pra\u00e7as do munic\u00edpio, &#8220;Nosso compromisso \u00e9 proporcionar espa\u00e7os que valorizem o conv\u00edvio social da comunidade. A nova pra\u00e7a em frente ao Liminha representa mais uma iniciativa da gest\u00e3o em oferecer locais de lazer, esporte e descanso para as fam\u00edlias de Santa Rosa&#8221;.<\/p>\n\n\n\n<p>Atualmente, Santa Rosa conta com 53 pra\u00e7as espalhadas por toda a cidade. A prefeitura tem realizado diversas a\u00e7\u00f5es de revitaliza\u00e7\u00e3o desses espa\u00e7os, muitos dos quais j\u00e1 foram contemplados com reformas, novos equipamentos e playgrounds. S\u00e3o exemplos, o Tape Por\u00e3 e a Pra\u00e7a da Bandeira que tamb\u00e9m est\u00e3o com obras em execu\u00e7\u00e3o. O objetivo \u00e9 proporcionar mais infraestrutura para o lazer e o bem-estar da popula\u00e7\u00e3o.<\/p>\n","protected":false},"excerpt":{"rendered":"<p>O Governo Municipal tem investido nos espa\u00e7os p\u00fablicos de Santa Rosa. Entre os projetos em andamento est\u00e1 a constru\u00e7\u00e3o de<\/p>\n","protected":false},"author":6,"featured_media":11138,"comment_status":"closed","ping_status":"closed","sticky":false,"template":"","format":"standard","meta":{"footnotes":""},"categories":[4,22],"tags":[],"class_list":["post-11136","post","type-post","status-publish","format-standard","has-post-thumbnail","hentry","category-noticias","category-secretaria-municipal-de-planejamento-e-habitacao"],"aioseo_notices":[],"_links":{"self":[{"href":"https:\/\/prefeitura.santarosa.rs.gov.br\/index.php?rest_route=\/wp\/v2\/posts\/11136","targetHints":{"allow":["GET"]}}],"collection":[{"href":"https:\/\/prefeitura.santarosa.rs.gov.br\/index.php?rest_route=\/wp\/v2\/posts"}],"about":[{"href":"https:\/\/prefeitura.santarosa.rs.gov.br\/index.php?rest_route=\/wp\/v2\/types\/post"}],"author":[{"embeddable":true,"href":"https:\/\/prefeitura.santarosa.rs.gov.br\/index.php?rest_route=\/wp\/v2\/users\/6"}],"replies":[{"embeddable":true,"href":"https:\/\/prefeitura.santarosa.rs.gov.br\/index.php?rest_route=%2Fwp%2Fv2%2Fcomments&post=11136"}],"version-history":[{"count":1,"href":"https:\/\/prefeitura.santarosa.rs.gov.br\/index.php?rest_route=\/wp\/v2\/posts\/11136\/revisions"}],"predecessor-version":[{"id":11139,"href":"https:\/\/prefeitura.santarosa.rs.gov.br\/index.php?rest_route=\/wp\/v2\/posts\/11136\/revisions\/11139"}],"wp:featuredmedia":[{"embeddable":true,"href":"https:\/\/prefeitura.santarosa.rs.gov.br\/index.php?rest_route=\/wp\/v2\/media\/11138"}],"wp:attachment":[{"href":"https:\/\/prefeitura.santarosa.rs.gov.br\/index.php?rest_route=%2Fwp%2Fv2%2Fmedia&parent=11136"}],"wp:term":[{"taxonomy":"category","embeddable":true,"href":"https:\/\/prefeitura.santarosa.rs.gov.br\/index.php?rest_route=%2Fwp%2Fv2%2Fcategories&post=11136"},{"taxonomy":"post_tag","embeddable":true,"href":"https:\/\/prefeitura.santarosa.rs.gov.br\/index.php?rest_route=%2Fwp%2Fv2%2Ftags&post=11136"}],"curies":[{"name":"wp","href":"https:\/\/api.w.org\/{rel}","templated":true}]}}