{"id":11132,"date":"2024-10-23T15:22:40","date_gmt":"2024-10-23T18:22:40","guid":{"rendered":"https:\/\/prefeitura.santarosa.rs.gov.br\/?p=11132"},"modified":"2024-10-23T15:22:41","modified_gmt":"2024-10-23T18:22:41","slug":"asfalto-da-rua-dr-accioly-esta-na-fase-final-de-execucao","status":"publish","type":"post","link":"https:\/\/prefeitura.santarosa.rs.gov.br\/?p=11132","title":{"rendered":"<strong>Asfalto da Rua Dr. Accioly est\u00e1 na fase final de execu\u00e7\u00e3o<\/strong>"},"content":{"rendered":"\n<figure class=\"wp-block-image size-full\"><img fetchpriority=\"high\" decoding=\"async\" width=\"860\" height=\"645\" src=\"https:\/\/prefeitura.santarosa.rs.gov.br\/wp-content\/uploads\/2024\/10\/Formato-Site-e-Portal-860X645-JPG-2024-10-23T152050.058.jpg\" alt=\"\" class=\"wp-image-11133\" srcset=\"https:\/\/prefeitura.santarosa.rs.gov.br\/wp-content\/uploads\/2024\/10\/Formato-Site-e-Portal-860X645-JPG-2024-10-23T152050.058.jpg 860w, https:\/\/prefeitura.santarosa.rs.gov.br\/wp-content\/uploads\/2024\/10\/Formato-Site-e-Portal-860X645-JPG-2024-10-23T152050.058-300x225.jpg 300w, https:\/\/prefeitura.santarosa.rs.gov.br\/wp-content\/uploads\/2024\/10\/Formato-Site-e-Portal-860X645-JPG-2024-10-23T152050.058-768x576.jpg 768w\" sizes=\"(max-width: 860px) 100vw, 860px\" \/><\/figure>\n\n\n\n<p>A obra de pavimenta\u00e7\u00e3o asf\u00e1ltica da Rua Dr. Accioly, no bairro Central, est\u00e1 na fase final de execu\u00e7\u00e3o. O projeto contempla uma \u00e1rea total de 9.052,05 metros quadrados, dividida em dois trechos: o primeiro, localizado entre a Rua Guarani e a Rua Manoel Brand\u00e3o Filho e o segundo, entre a Rua Taquara e o Tape Por\u00e3. Um investimento superior a R$ 1,6 milh\u00e3o.<\/p>\n\n\n\n<p>Nesta semana, o asfalto deve ser finalizado, deixando a obra 96% conclu\u00edda, restando apenas a sinaliza\u00e7\u00e3o e a execu\u00e7\u00e3o das rampas de acessibilidade. O prefeito Anderson Mantei destacou a import\u00e2ncia da a\u00e7\u00e3o: &#8220;Esta liga\u00e7\u00e3o era um problema hist\u00f3rico da nossa cidade. Fizemos a desapropria\u00e7\u00e3o de terrenos no local para possibilitar aos moradores um novo acesso asf\u00e1ltico, que conecta o Loteamento Vargas ao Loteamento Beatriz, no bairro Central.&#8221;<\/p>\n\n\n\n<p>Al\u00e9m da pavimenta\u00e7\u00e3o, foram realizados tamb\u00e9m servi\u00e7os complementares, como drenagem e a execu\u00e7\u00e3o de sarjetas de concreto.<\/p>\n","protected":false},"excerpt":{"rendered":"<p>A obra de pavimenta\u00e7\u00e3o asf\u00e1ltica da Rua Dr. Accioly, no bairro Central, est\u00e1 na fase final de execu\u00e7\u00e3o. O projeto<\/p>\n","protected":false},"author":6,"featured_media":11134,"comment_status":"closed","ping_status":"closed","sticky":false,"template":"","format":"standard","meta":{"footnotes":""},"categories":[4,22],"tags":[],"class_list":["post-11132","post","type-post","status-publish","format-standard","has-post-thumbnail","hentry","category-noticias","category-secretaria-municipal-de-planejamento-e-habitacao"],"aioseo_notices":[],"_links":{"self":[{"href":"https:\/\/prefeitura.santarosa.rs.gov.br\/index.php?rest_route=\/wp\/v2\/posts\/11132","targetHints":{"allow":["GET"]}}],"collection":[{"href":"https:\/\/prefeitura.santarosa.rs.gov.br\/index.php?rest_route=\/wp\/v2\/posts"}],"about":[{"href":"https:\/\/prefeitura.santarosa.rs.gov.br\/index.php?rest_route=\/wp\/v2\/types\/post"}],"author":[{"embeddable":true,"href":"https:\/\/prefeitura.santarosa.rs.gov.br\/index.php?rest_route=\/wp\/v2\/users\/6"}],"replies":[{"embeddable":true,"href":"https:\/\/prefeitura.santarosa.rs.gov.br\/index.php?rest_route=%2Fwp%2Fv2%2Fcomments&post=11132"}],"version-history":[{"count":1,"href":"https:\/\/prefeitura.santarosa.rs.gov.br\/index.php?rest_route=\/wp\/v2\/posts\/11132\/revisions"}],"predecessor-version":[{"id":11135,"href":"https:\/\/prefeitura.santarosa.rs.gov.br\/index.php?rest_route=\/wp\/v2\/posts\/11132\/revisions\/11135"}],"wp:featuredmedia":[{"embeddable":true,"href":"https:\/\/prefeitura.santarosa.rs.gov.br\/index.php?rest_route=\/wp\/v2\/media\/11134"}],"wp:attachment":[{"href":"https:\/\/prefeitura.santarosa.rs.gov.br\/index.php?rest_route=%2Fwp%2Fv2%2Fmedia&parent=11132"}],"wp:term":[{"taxonomy":"category","embeddable":true,"href":"https:\/\/prefeitura.santarosa.rs.gov.br\/index.php?rest_route=%2Fwp%2Fv2%2Fcategories&post=11132"},{"taxonomy":"post_tag","embeddable":true,"href":"https:\/\/prefeitura.santarosa.rs.gov.br\/index.php?rest_route=%2Fwp%2Fv2%2Ftags&post=11132"}],"curies":[{"name":"wp","href":"https:\/\/api.w.org\/{rel}","templated":true}]}}