{"id":11128,"date":"2024-10-23T08:14:09","date_gmt":"2024-10-23T11:14:09","guid":{"rendered":"https:\/\/prefeitura.santarosa.rs.gov.br\/?p=11128"},"modified":"2024-10-23T08:14:09","modified_gmt":"2024-10-23T11:14:09","slug":"santa-rosa-sediou-o-encontro-regional-de-assistencia-social","status":"publish","type":"post","link":"https:\/\/prefeitura.santarosa.rs.gov.br\/?p=11128","title":{"rendered":"<strong>Santa Rosa sediou o Encontro Regional de Assist\u00eancia&nbsp;Social<\/strong>"},"content":{"rendered":"\n<figure class=\"wp-block-image size-full\"><img fetchpriority=\"high\" decoding=\"async\" width=\"860\" height=\"645\" src=\"https:\/\/prefeitura.santarosa.rs.gov.br\/wp-content\/uploads\/2024\/10\/Formato-Site-e-Portal-860X645-JPG-2024-10-22T164739.543.jpg\" alt=\"\" class=\"wp-image-11129\" srcset=\"https:\/\/prefeitura.santarosa.rs.gov.br\/wp-content\/uploads\/2024\/10\/Formato-Site-e-Portal-860X645-JPG-2024-10-22T164739.543.jpg 860w, https:\/\/prefeitura.santarosa.rs.gov.br\/wp-content\/uploads\/2024\/10\/Formato-Site-e-Portal-860X645-JPG-2024-10-22T164739.543-300x225.jpg 300w, https:\/\/prefeitura.santarosa.rs.gov.br\/wp-content\/uploads\/2024\/10\/Formato-Site-e-Portal-860X645-JPG-2024-10-22T164739.543-768x576.jpg 768w\" sizes=\"(max-width: 860px) 100vw, 860px\" \/><\/figure>\n\n\n\n<p>Nesta ter\u00e7a-feira (22), aconteceu em Santa Rosa o Encontro Regionalizado de Apoio T\u00e9cnico do Departamento Estadual de Assist\u00eancia Social. O munic\u00edpio sediou o evento, promovido pela Secretaria Estadual de Desenvolvimento Social em parceria com a Secretaria de Desenvolvimento Social de Santa Rosa. A a\u00e7\u00e3o foi realizada no audit\u00f3rio da Uniju\u00ed e contou com a participa\u00e7\u00e3o de gestores e t\u00e9cnicos das regi\u00f5es da Associa\u00e7\u00e3o de Munic\u00edpios da Regi\u00e3o Fronteira Noroeste (AMUFRON) e da Associa\u00e7\u00e3o dos Munic\u00edpios do Planalto M\u00e9dio (AMUPLAM), que atuam na Pol\u00edtica de Assist\u00eancia Social.&nbsp;<\/p>\n\n\n\n<p>O objetivo do encontro foi promover a interlocu\u00e7\u00e3o entre a gest\u00e3o estadual e as gest\u00f5es municipais para o cumprimento das normativas do Sistema \u00danico de Assist\u00eancia Social (SUAS). O vice-prefeito Aldemir Ulrich participou da abertura do evento e deu as boas-vindas aos participantes, \u201cFicamos muito contentes de receber em Santa Rosa representantes de 31 munic\u00edpios que fazem parte da AMUFRON e da AMUPLAM para participar deste encontro que busca qualificar as equipes para o aprimoramento da gest\u00e3o, dos servi\u00e7os, programas, projetos e benef\u00edcios socioassistenciais\u201d.<\/p>\n\n\n\n<p>Na oportunidade, foram debatidos temas como: \u201cGest\u00e3o do Cadastro \u00danico e Programa Bolsa Fam\u00edlia &#8211; Cad\u00danico\u201d e \u201cGest\u00e3o do SUAS estruturada como estrat\u00e9gia de fortalecimento da Pol\u00edtica de Assist\u00eancia Social em \u00e2mbito local e Controle Social\u201d. A Secret\u00e1ria de Desenvolvimento Social, Ta\u00edsa Boelter, recepcionou os inscritos e destacou a import\u00e2ncia de promover a\u00e7\u00f5es como essa, \u201cEste evento foi uma grande oportunidade para compartilharmos experi\u00eancias, tirarmos d\u00favidas e para qualificar ainda mais o trabalho que vem sendo desenvolvido no nosso munic\u00edpio\u201d.<\/p>\n\n\n\n<p>Participou do encontro o Diretor do Departamento de Assist\u00eancia Social do Estado, Becchara Miranda e representantes do Departamento de Assist\u00eancia Social &#8211; DAS.<\/p>\n","protected":false},"excerpt":{"rendered":"<p>Nesta ter\u00e7a-feira (22), aconteceu em Santa Rosa o Encontro Regionalizado de Apoio T\u00e9cnico do Departamento Estadual de Assist\u00eancia Social. O<\/p>\n","protected":false},"author":6,"featured_media":11130,"comment_status":"closed","ping_status":"closed","sticky":false,"template":"","format":"standard","meta":{"footnotes":""},"categories":[4,17],"tags":[],"class_list":["post-11128","post","type-post","status-publish","format-standard","has-post-thumbnail","hentry","category-noticias","category-secretaria-municipal-de-desenvolvimento-social"],"aioseo_notices":[],"_links":{"self":[{"href":"https:\/\/prefeitura.santarosa.rs.gov.br\/index.php?rest_route=\/wp\/v2\/posts\/11128","targetHints":{"allow":["GET"]}}],"collection":[{"href":"https:\/\/prefeitura.santarosa.rs.gov.br\/index.php?rest_route=\/wp\/v2\/posts"}],"about":[{"href":"https:\/\/prefeitura.santarosa.rs.gov.br\/index.php?rest_route=\/wp\/v2\/types\/post"}],"author":[{"embeddable":true,"href":"https:\/\/prefeitura.santarosa.rs.gov.br\/index.php?rest_route=\/wp\/v2\/users\/6"}],"replies":[{"embeddable":true,"href":"https:\/\/prefeitura.santarosa.rs.gov.br\/index.php?rest_route=%2Fwp%2Fv2%2Fcomments&post=11128"}],"version-history":[{"count":1,"href":"https:\/\/prefeitura.santarosa.rs.gov.br\/index.php?rest_route=\/wp\/v2\/posts\/11128\/revisions"}],"predecessor-version":[{"id":11131,"href":"https:\/\/prefeitura.santarosa.rs.gov.br\/index.php?rest_route=\/wp\/v2\/posts\/11128\/revisions\/11131"}],"wp:featuredmedia":[{"embeddable":true,"href":"https:\/\/prefeitura.santarosa.rs.gov.br\/index.php?rest_route=\/wp\/v2\/media\/11130"}],"wp:attachment":[{"href":"https:\/\/prefeitura.santarosa.rs.gov.br\/index.php?rest_route=%2Fwp%2Fv2%2Fmedia&parent=11128"}],"wp:term":[{"taxonomy":"category","embeddable":true,"href":"https:\/\/prefeitura.santarosa.rs.gov.br\/index.php?rest_route=%2Fwp%2Fv2%2Fcategories&post=11128"},{"taxonomy":"post_tag","embeddable":true,"href":"https:\/\/prefeitura.santarosa.rs.gov.br\/index.php?rest_route=%2Fwp%2Fv2%2Ftags&post=11128"}],"curies":[{"name":"wp","href":"https:\/\/api.w.org\/{rel}","templated":true}]}}