{"id":11123,"date":"2024-10-22T11:24:41","date_gmt":"2024-10-22T14:24:41","guid":{"rendered":"https:\/\/prefeitura.santarosa.rs.gov.br\/?p=11123"},"modified":"2024-10-22T11:24:42","modified_gmt":"2024-10-22T14:24:42","slug":"mais-de-16-toneladas-de-lixo-eletronico-foram-recolhidas-em-santa-rosa","status":"publish","type":"post","link":"https:\/\/prefeitura.santarosa.rs.gov.br\/?p=11123","title":{"rendered":"<strong>Mais de 16 toneladas de lixo eletr\u00f4nico foram recolhidas em Santa Rosa<\/strong>"},"content":{"rendered":"\n<figure class=\"wp-block-image size-full\"><img fetchpriority=\"high\" decoding=\"async\" width=\"860\" height=\"645\" src=\"https:\/\/prefeitura.santarosa.rs.gov.br\/wp-content\/uploads\/2024\/10\/Formato-Site-e-Portal-860X645-JPG-2024-10-22T112336.670.jpg\" alt=\"\" class=\"wp-image-11124\" srcset=\"https:\/\/prefeitura.santarosa.rs.gov.br\/wp-content\/uploads\/2024\/10\/Formato-Site-e-Portal-860X645-JPG-2024-10-22T112336.670.jpg 860w, https:\/\/prefeitura.santarosa.rs.gov.br\/wp-content\/uploads\/2024\/10\/Formato-Site-e-Portal-860X645-JPG-2024-10-22T112336.670-300x225.jpg 300w, https:\/\/prefeitura.santarosa.rs.gov.br\/wp-content\/uploads\/2024\/10\/Formato-Site-e-Portal-860X645-JPG-2024-10-22T112336.670-768x576.jpg 768w\" sizes=\"(max-width: 860px) 100vw, 860px\" \/><\/figure>\n\n\n\n<p>A equipe da Secretaria de Meio Ambiente promoveu, no \u00faltimo s\u00e1bado (19), a a\u00e7\u00e3o \u201cRecicla&nbsp;Santa Rosa\u201d. A atividade aconteceu na Pra\u00e7a da Bandeira e contou com o apoio das empresas Natusomos e Coopersol. No local, foram recolhidas mais de 16 toneladas de res\u00edduos eletr\u00f4nicos, 305 litros de \u00f3leo de cozinha usado e mais de 60 kg de pilhas e baterias. Al\u00e9m disso, a equipe da prefeitura distribuiu 100 mudas de \u00e1rvores nativas para a popula\u00e7\u00e3o.<\/p>\n\n\n\n<p>Todo o material recolhido foi encaminhado para o descarte correto. A educadora ambiental do munic\u00edpio, Francielli Puhl, destacou que cada vez mais a comunidade tem se engajado nas campanhas realizadas e contribu\u00eddo para a destina\u00e7\u00e3o correta dos materiais, \u201cMais uma vez tivemos o apoio da popula\u00e7\u00e3o e conseguimos recolher uma quantidade significativa de res\u00edduos, que agora&nbsp;ter\u00e3o uma destina\u00e7\u00e3o correta. Estamos, todos os anos, lembrando os cidad\u00e3os da import\u00e2ncia da reciclagem e da separa\u00e7\u00e3o e destina\u00e7\u00e3o correta dos res\u00edduos\u201d.<\/p>\n\n\n\n<p>A Secretaria de Meio Ambiente tamb\u00e9m refor\u00e7a o comunicado de que o recolhimento de res\u00edduos eletr\u00f4nicos e pneus no Parque de Exposi\u00e7\u00f5es Alfredo Leandro Carlson est\u00e1 suspenso devido aos preparativos para a Fenasoja 2024.<\/p>\n","protected":false},"excerpt":{"rendered":"<p>A equipe da Secretaria de Meio Ambiente promoveu, no \u00faltimo s\u00e1bado (19), a a\u00e7\u00e3o \u201cRecicla&nbsp;Santa Rosa\u201d. A atividade aconteceu na<\/p>\n","protected":false},"author":6,"featured_media":11125,"comment_status":"closed","ping_status":"closed","sticky":false,"template":"","format":"standard","meta":{"footnotes":""},"categories":[4,17],"tags":[],"class_list":["post-11123","post","type-post","status-publish","format-standard","has-post-thumbnail","hentry","category-noticias","category-secretaria-municipal-de-desenvolvimento-social"],"aioseo_notices":[],"_links":{"self":[{"href":"https:\/\/prefeitura.santarosa.rs.gov.br\/index.php?rest_route=\/wp\/v2\/posts\/11123","targetHints":{"allow":["GET"]}}],"collection":[{"href":"https:\/\/prefeitura.santarosa.rs.gov.br\/index.php?rest_route=\/wp\/v2\/posts"}],"about":[{"href":"https:\/\/prefeitura.santarosa.rs.gov.br\/index.php?rest_route=\/wp\/v2\/types\/post"}],"author":[{"embeddable":true,"href":"https:\/\/prefeitura.santarosa.rs.gov.br\/index.php?rest_route=\/wp\/v2\/users\/6"}],"replies":[{"embeddable":true,"href":"https:\/\/prefeitura.santarosa.rs.gov.br\/index.php?rest_route=%2Fwp%2Fv2%2Fcomments&post=11123"}],"version-history":[{"count":1,"href":"https:\/\/prefeitura.santarosa.rs.gov.br\/index.php?rest_route=\/wp\/v2\/posts\/11123\/revisions"}],"predecessor-version":[{"id":11126,"href":"https:\/\/prefeitura.santarosa.rs.gov.br\/index.php?rest_route=\/wp\/v2\/posts\/11123\/revisions\/11126"}],"wp:featuredmedia":[{"embeddable":true,"href":"https:\/\/prefeitura.santarosa.rs.gov.br\/index.php?rest_route=\/wp\/v2\/media\/11125"}],"wp:attachment":[{"href":"https:\/\/prefeitura.santarosa.rs.gov.br\/index.php?rest_route=%2Fwp%2Fv2%2Fmedia&parent=11123"}],"wp:term":[{"taxonomy":"category","embeddable":true,"href":"https:\/\/prefeitura.santarosa.rs.gov.br\/index.php?rest_route=%2Fwp%2Fv2%2Fcategories&post=11123"},{"taxonomy":"post_tag","embeddable":true,"href":"https:\/\/prefeitura.santarosa.rs.gov.br\/index.php?rest_route=%2Fwp%2Fv2%2Ftags&post=11123"}],"curies":[{"name":"wp","href":"https:\/\/api.w.org\/{rel}","templated":true}]}}