{"id":11115,"date":"2024-10-21T15:56:13","date_gmt":"2024-10-21T18:56:13","guid":{"rendered":"https:\/\/prefeitura.santarosa.rs.gov.br\/?p=11115"},"modified":"2024-10-21T15:56:14","modified_gmt":"2024-10-21T18:56:14","slug":"iniciada-a-obra-de-revitalizacao-da-antiga-estacao-ferrea","status":"publish","type":"post","link":"https:\/\/prefeitura.santarosa.rs.gov.br\/?p=11115","title":{"rendered":"<strong>Iniciada a obra de revitaliza\u00e7\u00e3o da antiga Esta\u00e7\u00e3o F\u00e9rrea<\/strong>"},"content":{"rendered":"\n<figure class=\"wp-block-image size-full\"><img fetchpriority=\"high\" decoding=\"async\" width=\"860\" height=\"645\" src=\"https:\/\/prefeitura.santarosa.rs.gov.br\/wp-content\/uploads\/2024\/10\/Formato-Site-e-Portal-860X645-JPG-2024-10-21T153827.449.jpg\" alt=\"\" class=\"wp-image-11116\" srcset=\"https:\/\/prefeitura.santarosa.rs.gov.br\/wp-content\/uploads\/2024\/10\/Formato-Site-e-Portal-860X645-JPG-2024-10-21T153827.449.jpg 860w, https:\/\/prefeitura.santarosa.rs.gov.br\/wp-content\/uploads\/2024\/10\/Formato-Site-e-Portal-860X645-JPG-2024-10-21T153827.449-300x225.jpg 300w, https:\/\/prefeitura.santarosa.rs.gov.br\/wp-content\/uploads\/2024\/10\/Formato-Site-e-Portal-860X645-JPG-2024-10-21T153827.449-768x576.jpg 768w\" sizes=\"(max-width: 860px) 100vw, 860px\" \/><\/figure>\n\n\n\n<p>J\u00e1 est\u00e1 em andamento, em Santa Rosa, a obra de revitaliza\u00e7\u00e3o do antigo pr\u00e9dio da Esta\u00e7\u00e3o F\u00e9rrea do munic\u00edpio. O projeto prev\u00ea a moderniza\u00e7\u00e3o do espa\u00e7o que abrigava a esta\u00e7\u00e3o, o museu municipal e seu entorno, criando um ambiente convidativo para os cidad\u00e3os. Mais de R$ 1,2 milh\u00e3o de recurso pr\u00f3prio ser\u00e1 investido no local.<\/p>\n\n\n\n<p>Esta \u00e9 uma obra planejada desde o in\u00edcio da gest\u00e3o. No come\u00e7o de 2023, o Governo Municipal contratou uma empresa para elaborar o anteprojeto da esta\u00e7\u00e3o f\u00e9rrea, no qual foram programadas todas as etapas e servi\u00e7os da revitaliza\u00e7\u00e3o. Ap\u00f3s a conclus\u00e3o dos projetos e do processo licitat\u00f3rio, foi dada a ordem de in\u00edcio para a execu\u00e7\u00e3o da obra. Entre as melhorias est\u00e3o a instala\u00e7\u00e3o de uma passarela, um deck de madeira resistente \u00e0s condi\u00e7\u00f5es clim\u00e1ticas e um espa\u00e7o kids com pisos emborrachados coloridos e equipamentos infantis. O vice-prefeito Aldemir Ulrich destaca que este ser\u00e1 mais um ponto tur\u00edstico de Santa Rosa, &#8220;A revitaliza\u00e7\u00e3o da antiga Esta\u00e7\u00e3o F\u00e9rrea representa nosso compromisso em preservar a hist\u00f3ria da cidade, enquanto modernizamos os espa\u00e7os para a conviv\u00eancia da comunidade. Estamos garantindo um ambiente confort\u00e1vel e funcional para as fam\u00edlias, que v\u00e3o poder desfrutar de um local que agrega lazer, cultura e gastronomia.&#8221;<\/p>\n\n\n\n<p>O prazo de execu\u00e7\u00e3o do projeto vai at\u00e9 agosto de 2025. Ap\u00f3s a finaliza\u00e7\u00e3o da obra, ser\u00e1 feita uma nova licita\u00e7\u00e3o para concess\u00e3o da \u00e1rea.<\/p>\n","protected":false},"excerpt":{"rendered":"<p>J\u00e1 est\u00e1 em andamento, em Santa Rosa, a obra de revitaliza\u00e7\u00e3o do antigo pr\u00e9dio da Esta\u00e7\u00e3o F\u00e9rrea do munic\u00edpio. O<\/p>\n","protected":false},"author":6,"featured_media":11117,"comment_status":"closed","ping_status":"closed","sticky":false,"template":"","format":"standard","meta":{"footnotes":""},"categories":[4,22],"tags":[],"class_list":["post-11115","post","type-post","status-publish","format-standard","has-post-thumbnail","hentry","category-noticias","category-secretaria-municipal-de-planejamento-e-habitacao"],"aioseo_notices":[],"_links":{"self":[{"href":"https:\/\/prefeitura.santarosa.rs.gov.br\/index.php?rest_route=\/wp\/v2\/posts\/11115","targetHints":{"allow":["GET"]}}],"collection":[{"href":"https:\/\/prefeitura.santarosa.rs.gov.br\/index.php?rest_route=\/wp\/v2\/posts"}],"about":[{"href":"https:\/\/prefeitura.santarosa.rs.gov.br\/index.php?rest_route=\/wp\/v2\/types\/post"}],"author":[{"embeddable":true,"href":"https:\/\/prefeitura.santarosa.rs.gov.br\/index.php?rest_route=\/wp\/v2\/users\/6"}],"replies":[{"embeddable":true,"href":"https:\/\/prefeitura.santarosa.rs.gov.br\/index.php?rest_route=%2Fwp%2Fv2%2Fcomments&post=11115"}],"version-history":[{"count":1,"href":"https:\/\/prefeitura.santarosa.rs.gov.br\/index.php?rest_route=\/wp\/v2\/posts\/11115\/revisions"}],"predecessor-version":[{"id":11118,"href":"https:\/\/prefeitura.santarosa.rs.gov.br\/index.php?rest_route=\/wp\/v2\/posts\/11115\/revisions\/11118"}],"wp:featuredmedia":[{"embeddable":true,"href":"https:\/\/prefeitura.santarosa.rs.gov.br\/index.php?rest_route=\/wp\/v2\/media\/11117"}],"wp:attachment":[{"href":"https:\/\/prefeitura.santarosa.rs.gov.br\/index.php?rest_route=%2Fwp%2Fv2%2Fmedia&parent=11115"}],"wp:term":[{"taxonomy":"category","embeddable":true,"href":"https:\/\/prefeitura.santarosa.rs.gov.br\/index.php?rest_route=%2Fwp%2Fv2%2Fcategories&post=11115"},{"taxonomy":"post_tag","embeddable":true,"href":"https:\/\/prefeitura.santarosa.rs.gov.br\/index.php?rest_route=%2Fwp%2Fv2%2Ftags&post=11115"}],"curies":[{"name":"wp","href":"https:\/\/api.w.org\/{rel}","templated":true}]}}