{"id":11111,"date":"2024-10-21T09:58:57","date_gmt":"2024-10-21T12:58:57","guid":{"rendered":"https:\/\/prefeitura.santarosa.rs.gov.br\/?p=11111"},"modified":"2024-10-21T09:58:58","modified_gmt":"2024-10-21T12:58:58","slug":"obras-no-lajeado-capim","status":"publish","type":"post","link":"https:\/\/prefeitura.santarosa.rs.gov.br\/?p=11111","title":{"rendered":"<strong>Obras no Lajeado Capim<\/strong>"},"content":{"rendered":"\n<figure class=\"wp-block-image size-full\"><img fetchpriority=\"high\" decoding=\"async\" width=\"860\" height=\"645\" src=\"https:\/\/prefeitura.santarosa.rs.gov.br\/wp-content\/uploads\/2024\/10\/Formato-Site-e-Portal-860X645-JPG-2024-10-21T095648.060.jpg\" alt=\"\" class=\"wp-image-11112\" srcset=\"https:\/\/prefeitura.santarosa.rs.gov.br\/wp-content\/uploads\/2024\/10\/Formato-Site-e-Portal-860X645-JPG-2024-10-21T095648.060.jpg 860w, https:\/\/prefeitura.santarosa.rs.gov.br\/wp-content\/uploads\/2024\/10\/Formato-Site-e-Portal-860X645-JPG-2024-10-21T095648.060-300x225.jpg 300w, https:\/\/prefeitura.santarosa.rs.gov.br\/wp-content\/uploads\/2024\/10\/Formato-Site-e-Portal-860X645-JPG-2024-10-21T095648.060-768x576.jpg 768w\" sizes=\"(max-width: 860px) 100vw, 860px\" \/><\/figure>\n\n\n\n<p>Diversas obras est\u00e3o sendo realizadas nas estradas do&nbsp;interior&nbsp;de Santa Rosa. As equipes de manuten\u00e7\u00e3o vi\u00e1ria est\u00e3o trabalhando, no momento, com os servi\u00e7os de cascalhamento e patrolamento no Lajeado Capim. As melhorias abrangem uma \u00e1rea de 1.200 metros.<\/p>\n\n\n\n<p>O vice-prefeito Aldemir Ulrich, acompanhado pelo Secret\u00e1rio de Agricultura, Gerson Karkow, e pelo Coordenador de Infraestrutura Vi\u00e1ria, Oldemar Valter Petry, vistoriou o andamento da obra. \u201cSabemos que ainda h\u00e1 muito a ser feito no interior, mas esta \u00e9 uma das nossas prioridades. Estamos fazendo quest\u00e3o de acompanhar de perto as obras que est\u00e3o sendo realizadas e que s\u00e3o de extrema import\u00e2ncia para as comunidades da \u00e1rea rural\u201d, destacou Ulrich.<\/p>\n\n\n\n<p>Ap\u00f3s a conclus\u00e3o das obras na regi\u00e3o do Lajeado Capim, as equipes v\u00e3o iniciar os servi\u00e7os no Lajeado Guabiroba e \u00c1gua Santa, conforme o cronograma da Secretaria de Agricultura. No total, mais de 800 km de estradas e mais de 50 pontes j\u00e1 foram recuperadas em todo o interior.<\/p>\n","protected":false},"excerpt":{"rendered":"<p>Diversas obras est\u00e3o sendo realizadas nas estradas do&nbsp;interior&nbsp;de Santa Rosa. As equipes de manuten\u00e7\u00e3o vi\u00e1ria est\u00e3o trabalhando, no momento, com<\/p>\n","protected":false},"author":6,"featured_media":11113,"comment_status":"closed","ping_status":"closed","sticky":false,"template":"","format":"standard","meta":{"footnotes":""},"categories":[4,14],"tags":[],"class_list":["post-11111","post","type-post","status-publish","format-standard","has-post-thumbnail","hentry","category-noticias","category-secretaria-municipal-de-agricultura"],"aioseo_notices":[],"_links":{"self":[{"href":"https:\/\/prefeitura.santarosa.rs.gov.br\/index.php?rest_route=\/wp\/v2\/posts\/11111","targetHints":{"allow":["GET"]}}],"collection":[{"href":"https:\/\/prefeitura.santarosa.rs.gov.br\/index.php?rest_route=\/wp\/v2\/posts"}],"about":[{"href":"https:\/\/prefeitura.santarosa.rs.gov.br\/index.php?rest_route=\/wp\/v2\/types\/post"}],"author":[{"embeddable":true,"href":"https:\/\/prefeitura.santarosa.rs.gov.br\/index.php?rest_route=\/wp\/v2\/users\/6"}],"replies":[{"embeddable":true,"href":"https:\/\/prefeitura.santarosa.rs.gov.br\/index.php?rest_route=%2Fwp%2Fv2%2Fcomments&post=11111"}],"version-history":[{"count":1,"href":"https:\/\/prefeitura.santarosa.rs.gov.br\/index.php?rest_route=\/wp\/v2\/posts\/11111\/revisions"}],"predecessor-version":[{"id":11114,"href":"https:\/\/prefeitura.santarosa.rs.gov.br\/index.php?rest_route=\/wp\/v2\/posts\/11111\/revisions\/11114"}],"wp:featuredmedia":[{"embeddable":true,"href":"https:\/\/prefeitura.santarosa.rs.gov.br\/index.php?rest_route=\/wp\/v2\/media\/11113"}],"wp:attachment":[{"href":"https:\/\/prefeitura.santarosa.rs.gov.br\/index.php?rest_route=%2Fwp%2Fv2%2Fmedia&parent=11111"}],"wp:term":[{"taxonomy":"category","embeddable":true,"href":"https:\/\/prefeitura.santarosa.rs.gov.br\/index.php?rest_route=%2Fwp%2Fv2%2Fcategories&post=11111"},{"taxonomy":"post_tag","embeddable":true,"href":"https:\/\/prefeitura.santarosa.rs.gov.br\/index.php?rest_route=%2Fwp%2Fv2%2Ftags&post=11111"}],"curies":[{"name":"wp","href":"https:\/\/api.w.org\/{rel}","templated":true}]}}