{"id":11103,"date":"2024-10-18T16:08:09","date_gmt":"2024-10-18T19:08:09","guid":{"rendered":"https:\/\/prefeitura.santarosa.rs.gov.br\/?p=11103"},"modified":"2024-10-18T16:08:10","modified_gmt":"2024-10-18T19:08:10","slug":"cer-ii-prepara-atividade-especial-no-mes-das-criancas","status":"publish","type":"post","link":"https:\/\/prefeitura.santarosa.rs.gov.br\/?p=11103","title":{"rendered":"<strong>CER II prepara atividade especial no M\u00eas das Crian\u00e7as<\/strong>"},"content":{"rendered":"\n<p><em>Os pacientes atendidos no servi\u00e7o fizeram um passeio at\u00e9 Horizontina<\/em><\/p>\n\n\n\n<figure class=\"wp-block-image size-full\"><img fetchpriority=\"high\" decoding=\"async\" width=\"860\" height=\"645\" src=\"https:\/\/prefeitura.santarosa.rs.gov.br\/wp-content\/uploads\/2024\/10\/Formato-Site-e-Portal-860X645-JPG-2024-10-18T153854.487.jpg\" alt=\"\" class=\"wp-image-11109\" srcset=\"https:\/\/prefeitura.santarosa.rs.gov.br\/wp-content\/uploads\/2024\/10\/Formato-Site-e-Portal-860X645-JPG-2024-10-18T153854.487.jpg 860w, https:\/\/prefeitura.santarosa.rs.gov.br\/wp-content\/uploads\/2024\/10\/Formato-Site-e-Portal-860X645-JPG-2024-10-18T153854.487-300x225.jpg 300w, https:\/\/prefeitura.santarosa.rs.gov.br\/wp-content\/uploads\/2024\/10\/Formato-Site-e-Portal-860X645-JPG-2024-10-18T153854.487-768x576.jpg 768w\" sizes=\"(max-width: 860px) 100vw, 860px\" \/><\/figure>\n\n\n\n<p>O Centro Especializado em Reabilita\u00e7\u00e3o Auditiva e Intelectual de Santa Rosa organizou uma programa\u00e7\u00e3o especial para o M\u00eas das Crian\u00e7as. Nesta&nbsp;sexta-feira (18), os pacientes atendidos pela Funda\u00e7\u00e3o de Sa\u00fade, no&nbsp;CER&nbsp;II, fizeram um passeio at\u00e9 Horizontina.&nbsp;Cerca de 50 crian\u00e7as acompanhadas na reabilita\u00e7\u00e3o auditiva e intelectual, junto com a equipe t\u00e9cnica e familiares, visitaram o Memorial da Evolu\u00e7\u00e3o Agr\u00edcola (MEA), constru\u00eddo pela empresa John Deere.<\/p>\n\n\n\n<p>A divers\u00e3o j\u00e1 come\u00e7ou no \u00f4nibus, logo na sa\u00edda de Santa Rosa, com muita alegria e can\u00e7\u00f5es durante o trajeto. A coordenadora do&nbsp;CER&nbsp;II, Michelli Pes, destacou que ver as crian\u00e7as sorrindo e se divertindo foi recompensador, \u201cPreparamos com muito carinho esse passeio especial para comemorar o M\u00eas das Crian\u00e7as com nossos pacientes. Foi gratificante ver os pequenos sorrindo, interagindo e se emocionando com as atividades. Nosso objetivo, enquanto servi\u00e7o, \u00e9 ir al\u00e9m do diagn\u00f3stico e tratamento, proporcionando momentos de lazer, bem-estar e descontra\u00e7\u00e3o como estes\u201d.<\/p>\n\n\n\n<p>O Memorial da Evolu\u00e7\u00e3o Agr\u00edcola (MEA) \u00e9 um complexo de arte, cultura, educa\u00e7\u00e3o, meio ambiente, esporte e lazer de mais de 64 mil metros quadrados. No local, \u00e9 realizada uma exposi\u00e7\u00e3o altamente tecnol\u00f3gica e imersiva sobre a hist\u00f3ria da evolu\u00e7\u00e3o da agricultura no pa\u00eds. O espa\u00e7o tamb\u00e9m conta com quadras esportivas, playground infantil, academia a c\u00e9u aberto, loja, caf\u00e9 e atividades educacionais.<\/p>\n\n\n\n<figure class=\"wp-block-gallery columns-3 is-cropped wp-block-gallery-1 is-layout-flex wp-block-gallery-is-layout-flex\"><ul class=\"blocks-gallery-grid\"><li class=\"blocks-gallery-item\"><figure><img decoding=\"async\" width=\"1024\" height=\"576\" src=\"https:\/\/prefeitura.santarosa.rs.gov.br\/wp-content\/uploads\/2024\/10\/WhatsApp-Image-2024-10-18-at-15.01.00-1024x576.jpeg\" alt=\"\" data-id=\"11105\" data-full-url=\"https:\/\/prefeitura.santarosa.rs.gov.br\/wp-content\/uploads\/2024\/10\/WhatsApp-Image-2024-10-18-at-15.01.00-scaled.jpeg\" data-link=\"https:\/\/prefeitura.santarosa.rs.gov.br\/?attachment_id=11105\" class=\"wp-image-11105\" srcset=\"https:\/\/prefeitura.santarosa.rs.gov.br\/wp-content\/uploads\/2024\/10\/WhatsApp-Image-2024-10-18-at-15.01.00-1024x576.jpeg 1024w, https:\/\/prefeitura.santarosa.rs.gov.br\/wp-content\/uploads\/2024\/10\/WhatsApp-Image-2024-10-18-at-15.01.00-300x169.jpeg 300w, https:\/\/prefeitura.santarosa.rs.gov.br\/wp-content\/uploads\/2024\/10\/WhatsApp-Image-2024-10-18-at-15.01.00-768x432.jpeg 768w, https:\/\/prefeitura.santarosa.rs.gov.br\/wp-content\/uploads\/2024\/10\/WhatsApp-Image-2024-10-18-at-15.01.00-1536x864.jpeg 1536w, https:\/\/prefeitura.santarosa.rs.gov.br\/wp-content\/uploads\/2024\/10\/WhatsApp-Image-2024-10-18-at-15.01.00-2048x1152.jpeg 2048w\" sizes=\"(max-width: 1024px) 100vw, 1024px\" \/><\/figure><\/li><li class=\"blocks-gallery-item\"><figure><img decoding=\"async\" width=\"1024\" height=\"768\" src=\"https:\/\/prefeitura.santarosa.rs.gov.br\/wp-content\/uploads\/2024\/10\/WhatsApp-Image-2024-10-18-at-14.58.47-1024x768.jpeg\" alt=\"\" data-id=\"11106\" data-full-url=\"https:\/\/prefeitura.santarosa.rs.gov.br\/wp-content\/uploads\/2024\/10\/WhatsApp-Image-2024-10-18-at-14.58.47-scaled.jpeg\" data-link=\"https:\/\/prefeitura.santarosa.rs.gov.br\/?attachment_id=11106\" class=\"wp-image-11106\" srcset=\"https:\/\/prefeitura.santarosa.rs.gov.br\/wp-content\/uploads\/2024\/10\/WhatsApp-Image-2024-10-18-at-14.58.47-1024x768.jpeg 1024w, https:\/\/prefeitura.santarosa.rs.gov.br\/wp-content\/uploads\/2024\/10\/WhatsApp-Image-2024-10-18-at-14.58.47-300x225.jpeg 300w, https:\/\/prefeitura.santarosa.rs.gov.br\/wp-content\/uploads\/2024\/10\/WhatsApp-Image-2024-10-18-at-14.58.47-768x576.jpeg 768w, https:\/\/prefeitura.santarosa.rs.gov.br\/wp-content\/uploads\/2024\/10\/WhatsApp-Image-2024-10-18-at-14.58.47-1536x1152.jpeg 1536w, https:\/\/prefeitura.santarosa.rs.gov.br\/wp-content\/uploads\/2024\/10\/WhatsApp-Image-2024-10-18-at-14.58.47-2048x1536.jpeg 2048w\" sizes=\"(max-width: 1024px) 100vw, 1024px\" \/><\/figure><\/li><li class=\"blocks-gallery-item\"><figure><img loading=\"lazy\" decoding=\"async\" width=\"1024\" height=\"768\" src=\"https:\/\/prefeitura.santarosa.rs.gov.br\/wp-content\/uploads\/2024\/10\/WhatsApp-Image-2024-10-18-at-14.41.35-1024x768.jpeg\" alt=\"\" data-id=\"11107\" data-full-url=\"https:\/\/prefeitura.santarosa.rs.gov.br\/wp-content\/uploads\/2024\/10\/WhatsApp-Image-2024-10-18-at-14.41.35-scaled.jpeg\" data-link=\"https:\/\/prefeitura.santarosa.rs.gov.br\/?attachment_id=11107\" class=\"wp-image-11107\" srcset=\"https:\/\/prefeitura.santarosa.rs.gov.br\/wp-content\/uploads\/2024\/10\/WhatsApp-Image-2024-10-18-at-14.41.35-1024x768.jpeg 1024w, https:\/\/prefeitura.santarosa.rs.gov.br\/wp-content\/uploads\/2024\/10\/WhatsApp-Image-2024-10-18-at-14.41.35-300x225.jpeg 300w, https:\/\/prefeitura.santarosa.rs.gov.br\/wp-content\/uploads\/2024\/10\/WhatsApp-Image-2024-10-18-at-14.41.35-768x576.jpeg 768w, https:\/\/prefeitura.santarosa.rs.gov.br\/wp-content\/uploads\/2024\/10\/WhatsApp-Image-2024-10-18-at-14.41.35-1536x1152.jpeg 1536w, https:\/\/prefeitura.santarosa.rs.gov.br\/wp-content\/uploads\/2024\/10\/WhatsApp-Image-2024-10-18-at-14.41.35-2048x1536.jpeg 2048w\" sizes=\"(max-width: 1024px) 100vw, 1024px\" \/><\/figure><\/li><\/ul><\/figure>\n","protected":false},"excerpt":{"rendered":"<p>Os pacientes atendidos no servi\u00e7o fizeram um passeio at\u00e9 Horizontina O Centro Especializado em Reabilita\u00e7\u00e3o Auditiva e Intelectual de Santa<\/p>\n","protected":false},"author":6,"featured_media":11108,"comment_status":"closed","ping_status":"closed","sticky":false,"template":"","format":"standard","meta":{"footnotes":""},"categories":[4,8],"tags":[],"class_list":["post-11103","post","type-post","status-publish","format-standard","has-post-thumbnail","hentry","category-noticias","category-noticias-fumssar"],"aioseo_notices":[],"_links":{"self":[{"href":"https:\/\/prefeitura.santarosa.rs.gov.br\/index.php?rest_route=\/wp\/v2\/posts\/11103","targetHints":{"allow":["GET"]}}],"collection":[{"href":"https:\/\/prefeitura.santarosa.rs.gov.br\/index.php?rest_route=\/wp\/v2\/posts"}],"about":[{"href":"https:\/\/prefeitura.santarosa.rs.gov.br\/index.php?rest_route=\/wp\/v2\/types\/post"}],"author":[{"embeddable":true,"href":"https:\/\/prefeitura.santarosa.rs.gov.br\/index.php?rest_route=\/wp\/v2\/users\/6"}],"replies":[{"embeddable":true,"href":"https:\/\/prefeitura.santarosa.rs.gov.br\/index.php?rest_route=%2Fwp%2Fv2%2Fcomments&post=11103"}],"version-history":[{"count":1,"href":"https:\/\/prefeitura.santarosa.rs.gov.br\/index.php?rest_route=\/wp\/v2\/posts\/11103\/revisions"}],"predecessor-version":[{"id":11110,"href":"https:\/\/prefeitura.santarosa.rs.gov.br\/index.php?rest_route=\/wp\/v2\/posts\/11103\/revisions\/11110"}],"wp:featuredmedia":[{"embeddable":true,"href":"https:\/\/prefeitura.santarosa.rs.gov.br\/index.php?rest_route=\/wp\/v2\/media\/11108"}],"wp:attachment":[{"href":"https:\/\/prefeitura.santarosa.rs.gov.br\/index.php?rest_route=%2Fwp%2Fv2%2Fmedia&parent=11103"}],"wp:term":[{"taxonomy":"category","embeddable":true,"href":"https:\/\/prefeitura.santarosa.rs.gov.br\/index.php?rest_route=%2Fwp%2Fv2%2Fcategories&post=11103"},{"taxonomy":"post_tag","embeddable":true,"href":"https:\/\/prefeitura.santarosa.rs.gov.br\/index.php?rest_route=%2Fwp%2Fv2%2Ftags&post=11103"}],"curies":[{"name":"wp","href":"https:\/\/api.w.org\/{rel}","templated":true}]}}