{"id":11097,"date":"2024-10-18T15:56:53","date_gmt":"2024-10-18T18:56:53","guid":{"rendered":"https:\/\/prefeitura.santarosa.rs.gov.br\/?p=11097"},"modified":"2024-10-18T15:58:47","modified_gmt":"2024-10-18T18:58:47","slug":"educacao-lanca-11a-edicao-da-revista-escritas-reflexivas","status":"publish","type":"post","link":"https:\/\/prefeitura.santarosa.rs.gov.br\/?p=11097","title":{"rendered":"<strong>Educa\u00e7\u00e3o lan\u00e7a 11\u00aa edi\u00e7\u00e3o da Revista Escritas Reflexivas<\/strong>"},"content":{"rendered":"\n<figure class=\"wp-block-image size-full\"><img fetchpriority=\"high\" decoding=\"async\" width=\"860\" height=\"645\" src=\"https:\/\/prefeitura.santarosa.rs.gov.br\/wp-content\/uploads\/2024\/10\/Formato-Site-e-Portal-860X645-JPG-2024-10-18T153825.074.jpg\" alt=\"\" class=\"wp-image-11098\" srcset=\"https:\/\/prefeitura.santarosa.rs.gov.br\/wp-content\/uploads\/2024\/10\/Formato-Site-e-Portal-860X645-JPG-2024-10-18T153825.074.jpg 860w, https:\/\/prefeitura.santarosa.rs.gov.br\/wp-content\/uploads\/2024\/10\/Formato-Site-e-Portal-860X645-JPG-2024-10-18T153825.074-300x225.jpg 300w, https:\/\/prefeitura.santarosa.rs.gov.br\/wp-content\/uploads\/2024\/10\/Formato-Site-e-Portal-860X645-JPG-2024-10-18T153825.074-768x576.jpg 768w\" sizes=\"(max-width: 860px) 100vw, 860px\" \/><\/figure>\n\n\n\n<p>A equipe da Secretaria de Educa\u00e7\u00e3o e Cultura realizou, nesta sexta-feira (18), no Pal\u00e1cio Municipal, o lan\u00e7amento da 11\u00aa edi\u00e7\u00e3o da Revista Escritas Reflexivas. O projeto contempla um informativo de pr\u00e1ticas pedag\u00f3gicas interdisciplinares e pesquisas que abrangem as diferentes \u00e1reas do conhecimento. Neste ano, a novidade \u00e9 que a revista passa a ser digital, com o objetivo de facilitar o acesso \u00e0s informa\u00e7\u00f5es para toda a popula\u00e7\u00e3o.<\/p>\n\n\n\n<p>A 11\u00aa edi\u00e7\u00e3o apresenta 18 trabalhos, elaborados por 34 autores, professores da Rede Municipal de Ensino. Entre os temas abordados est\u00e3o relatos de experi\u00eancias, artigos e resenhas que trazem reflex\u00f5es sobre Educa\u00e7\u00e3o Infantil, Anos Iniciais e Finais do Ensino Fundamental, Educa\u00e7\u00e3o do Campo, Meio Ambiente e Sustentabilidade, Desenvolvimento Humano, Sa\u00fade, Ensino e Aprendizagem, Gest\u00e3o Escolar, Diversidade e Cultura, Esporte, Compet\u00eancias e Habilidades, Tecnologia e Avalia\u00e7\u00e3o.<\/p>\n\n\n\n<p>A Secret\u00e1ria de Educa\u00e7\u00e3o e Cultura, Josyane Heck, parabenizou os autores pelo comprometimento e por compartilharem com os leitores seu conhecimento, \u201cEstamos muito contentes com mais esta edi\u00e7\u00e3o da Revista Escritas Reflexivas, que busca divulgar para a sociedade as pr\u00e1ticas pedag\u00f3gicas e pesquisas que t\u00eam sido realizadas em Santa Rosa. Sabemos a import\u00e2ncia de oportunizar aos docentes a possibilidade de publicar seus trabalhos, pois \u00e9 a partir da a\u00e7\u00e3o e da reflex\u00e3o que reafirmamos os saberes constitu\u00eddos socialmente e historicamente\u201d.<\/p>\n\n\n\n<p>Os trabalhos foram avaliados pelo corpo de pareceristas e selecionados pela equipe do Conselho Editorial da revista. Confira abaixo o anexo da revista.<\/p>\n\n\n\n<div data-wp-interactive=\"core\/file\" class=\"wp-block-file\"><object data-wp-bind--hidden=\"!state.hasPdfPreview\" hidden class=\"wp-block-file__embed\" data=\"https:\/\/prefeitura.santarosa.rs.gov.br\/wp-content\/uploads\/2024\/10\/Revista-Escritas-Reflexivas-2024.pdf\" type=\"application\/pdf\" style=\"width:100%;height:600px\" aria-label=\"Incorporado de Incorporado de Revista-Escritas-Reflexivas-2024..\"><\/object><a href=\"https:\/\/prefeitura.santarosa.rs.gov.br\/wp-content\/uploads\/2024\/10\/Revista-Escritas-Reflexivas-2024.pdf\">Revista-Escritas-Reflexivas-2024<\/a><a href=\"https:\/\/prefeitura.santarosa.rs.gov.br\/wp-content\/uploads\/2024\/10\/Revista-Escritas-Reflexivas-2024.pdf\" class=\"wp-block-file__button\" download>Baixar<\/a><\/div>\n","protected":false},"excerpt":{"rendered":"<p>A equipe da Secretaria de Educa\u00e7\u00e3o e Cultura realizou, nesta sexta-feira (18), no Pal\u00e1cio Municipal, o lan\u00e7amento da 11\u00aa edi\u00e7\u00e3o<\/p>\n","protected":false},"author":6,"featured_media":11099,"comment_status":"closed","ping_status":"closed","sticky":false,"template":"","format":"standard","meta":{"footnotes":""},"categories":[4,18],"tags":[],"class_list":["post-11097","post","type-post","status-publish","format-standard","has-post-thumbnail","hentry","category-noticias","category-secretaria-municipal-de-educacao-e-cultura"],"aioseo_notices":[],"_links":{"self":[{"href":"https:\/\/prefeitura.santarosa.rs.gov.br\/index.php?rest_route=\/wp\/v2\/posts\/11097","targetHints":{"allow":["GET"]}}],"collection":[{"href":"https:\/\/prefeitura.santarosa.rs.gov.br\/index.php?rest_route=\/wp\/v2\/posts"}],"about":[{"href":"https:\/\/prefeitura.santarosa.rs.gov.br\/index.php?rest_route=\/wp\/v2\/types\/post"}],"author":[{"embeddable":true,"href":"https:\/\/prefeitura.santarosa.rs.gov.br\/index.php?rest_route=\/wp\/v2\/users\/6"}],"replies":[{"embeddable":true,"href":"https:\/\/prefeitura.santarosa.rs.gov.br\/index.php?rest_route=%2Fwp%2Fv2%2Fcomments&post=11097"}],"version-history":[{"count":2,"href":"https:\/\/prefeitura.santarosa.rs.gov.br\/index.php?rest_route=\/wp\/v2\/posts\/11097\/revisions"}],"predecessor-version":[{"id":11102,"href":"https:\/\/prefeitura.santarosa.rs.gov.br\/index.php?rest_route=\/wp\/v2\/posts\/11097\/revisions\/11102"}],"wp:featuredmedia":[{"embeddable":true,"href":"https:\/\/prefeitura.santarosa.rs.gov.br\/index.php?rest_route=\/wp\/v2\/media\/11099"}],"wp:attachment":[{"href":"https:\/\/prefeitura.santarosa.rs.gov.br\/index.php?rest_route=%2Fwp%2Fv2%2Fmedia&parent=11097"}],"wp:term":[{"taxonomy":"category","embeddable":true,"href":"https:\/\/prefeitura.santarosa.rs.gov.br\/index.php?rest_route=%2Fwp%2Fv2%2Fcategories&post=11097"},{"taxonomy":"post_tag","embeddable":true,"href":"https:\/\/prefeitura.santarosa.rs.gov.br\/index.php?rest_route=%2Fwp%2Fv2%2Ftags&post=11097"}],"curies":[{"name":"wp","href":"https:\/\/api.w.org\/{rel}","templated":true}]}}