{"id":1107,"date":"2021-08-02T17:38:00","date_gmt":"2021-08-02T20:38:00","guid":{"rendered":"https:\/\/prefeitura.santarosa.rs.gov.br\/?p=1107"},"modified":"2024-10-07T09:55:00","modified_gmt":"2024-10-07T12:55:00","slug":"prefeitura-firma-convenio-com-universidades","status":"publish","type":"post","link":"https:\/\/prefeitura.santarosa.rs.gov.br\/?p=1107","title":{"rendered":"Prefeitura firma conv\u00eanio com Universidades"},"content":{"rendered":"\n<p>O ato tamb\u00e9m faz parte da Programa\u00e7\u00e3o oficial do munic\u00edpio. Representantes da FEMA, Uniju\u00ed e Unisinos participaram da atividade.<\/p>\n\n\n\n<p>Capacita\u00e7\u00e3o e qualifica\u00e7\u00e3o. Esses s\u00e3o os principais objetivos do Conv\u00eanio firmado entre a Prefeitura e Universidades nesta segunda-feira(02). O ato tamb\u00e9m faz parte da Programa\u00e7\u00e3o oficial do munic\u00edpio. Representantes da FEMA, Uniju\u00ed e Unisinos participaram da atividade.<br>Com foco na capacita\u00e7\u00e3o dos servidores, o conv\u00eanio busca ampliar e agregar conhecimento para a vida e carreira profissional dos servidores. Al\u00e9m dos profissionais da prefeitura, os c\u00f4njuges e dependentes tamb\u00e9m podem participar, assim como os estagi\u00e1rios. A ideia \u00e9 oferecer oportunidade para que estes possam se qualificar ainda mais.<br><br>O vice-prefeito, Aldemir Ulrich destacou que oportunizar qualifica\u00e7\u00f5es faz parte do Planejamento Estrat\u00e9gico que desde in\u00edcio do ano j\u00e1 desenvolve cursos, \u201cQueremos que todos tenham oportunidade de estar em qualifica\u00e7\u00e3o continua, e esse conv\u00eanio vai facilitar e oportunizar muitos servidores a realizarem diferentes cursos\u201d.<br><br>Com o conv\u00eanio ser\u00e1 poss\u00edvel participar de escolas t\u00e9cnicas, cursos de gradua\u00e7\u00e3o e p\u00f3s gradua\u00e7\u00e3o. Os envolvidos ter\u00e3o descontos que v\u00e3o de 15 at\u00e9 30% nas mensalidades, dependendo das determina\u00e7\u00f5es de cada Universidade\/Faculdade. Durante o ato, os representantes das Universidades tamb\u00e9m destacaram a relev\u00e2ncia de fortalecer as universidades da regi\u00e3o, \u201cEssa \u00e9 uma oportunidade diferenciada de vis\u00e3o da prefeitura buscando a qualifica\u00e7\u00e3o dos servidores\u201d destacou Carlos Alba da FEMA. As Secretarias de Administra\u00e7\u00e3o e de Gest\u00e3o est\u00e3o envolvidas na busca por outras melhorias para os servidores.<\/p>\n","protected":false},"excerpt":{"rendered":"<p>O ato tamb\u00e9m faz parte da Programa\u00e7\u00e3o oficial do munic\u00edpio. Representantes da FEMA, Uniju\u00ed e Unisinos participaram da atividade. Capacita\u00e7\u00e3o<\/p>\n","protected":false},"author":3,"featured_media":1108,"comment_status":"open","ping_status":"open","sticky":false,"template":"","format":"standard","meta":{"footnotes":""},"categories":[4,13,23],"tags":[],"class_list":["post-1107","post","type-post","status-publish","format-standard","has-post-thumbnail","hentry","category-noticias","category-secretaria-municipal-de-administracao-e-fazenda","category-secretaria-municipal-governanca-gestao"],"aioseo_notices":[],"_links":{"self":[{"href":"https:\/\/prefeitura.santarosa.rs.gov.br\/index.php?rest_route=\/wp\/v2\/posts\/1107","targetHints":{"allow":["GET"]}}],"collection":[{"href":"https:\/\/prefeitura.santarosa.rs.gov.br\/index.php?rest_route=\/wp\/v2\/posts"}],"about":[{"href":"https:\/\/prefeitura.santarosa.rs.gov.br\/index.php?rest_route=\/wp\/v2\/types\/post"}],"author":[{"embeddable":true,"href":"https:\/\/prefeitura.santarosa.rs.gov.br\/index.php?rest_route=\/wp\/v2\/users\/3"}],"replies":[{"embeddable":true,"href":"https:\/\/prefeitura.santarosa.rs.gov.br\/index.php?rest_route=%2Fwp%2Fv2%2Fcomments&post=1107"}],"version-history":[{"count":1,"href":"https:\/\/prefeitura.santarosa.rs.gov.br\/index.php?rest_route=\/wp\/v2\/posts\/1107\/revisions"}],"predecessor-version":[{"id":1109,"href":"https:\/\/prefeitura.santarosa.rs.gov.br\/index.php?rest_route=\/wp\/v2\/posts\/1107\/revisions\/1109"}],"wp:featuredmedia":[{"embeddable":true,"href":"https:\/\/prefeitura.santarosa.rs.gov.br\/index.php?rest_route=\/wp\/v2\/media\/1108"}],"wp:attachment":[{"href":"https:\/\/prefeitura.santarosa.rs.gov.br\/index.php?rest_route=%2Fwp%2Fv2%2Fmedia&parent=1107"}],"wp:term":[{"taxonomy":"category","embeddable":true,"href":"https:\/\/prefeitura.santarosa.rs.gov.br\/index.php?rest_route=%2Fwp%2Fv2%2Fcategories&post=1107"},{"taxonomy":"post_tag","embeddable":true,"href":"https:\/\/prefeitura.santarosa.rs.gov.br\/index.php?rest_route=%2Fwp%2Fv2%2Ftags&post=1107"}],"curies":[{"name":"wp","href":"https:\/\/api.w.org\/{rel}","templated":true}]}}