{"id":11055,"date":"2024-10-16T15:34:22","date_gmt":"2024-10-16T18:34:22","guid":{"rendered":"https:\/\/prefeitura.santarosa.rs.gov.br\/?p=11055"},"modified":"2024-10-16T15:34:22","modified_gmt":"2024-10-16T18:34:22","slug":"revitalizacao-da-praca-de-cruzeiro-esta-em-execucao","status":"publish","type":"post","link":"https:\/\/prefeitura.santarosa.rs.gov.br\/?p=11055","title":{"rendered":"<strong>Revitaliza\u00e7\u00e3o da Pra\u00e7a de Cruzeiro est\u00e1 em execu\u00e7\u00e3o<\/strong>"},"content":{"rendered":"\n<figure class=\"wp-block-image size-full\"><img fetchpriority=\"high\" decoding=\"async\" width=\"860\" height=\"645\" src=\"https:\/\/prefeitura.santarosa.rs.gov.br\/wp-content\/uploads\/2024\/10\/Formato-Site-e-Portal-860X645-JPG-2024-10-16T153101.784.jpg\" alt=\"\" class=\"wp-image-11056\" srcset=\"https:\/\/prefeitura.santarosa.rs.gov.br\/wp-content\/uploads\/2024\/10\/Formato-Site-e-Portal-860X645-JPG-2024-10-16T153101.784.jpg 860w, https:\/\/prefeitura.santarosa.rs.gov.br\/wp-content\/uploads\/2024\/10\/Formato-Site-e-Portal-860X645-JPG-2024-10-16T153101.784-300x225.jpg 300w, https:\/\/prefeitura.santarosa.rs.gov.br\/wp-content\/uploads\/2024\/10\/Formato-Site-e-Portal-860X645-JPG-2024-10-16T153101.784-768x576.jpg 768w\" sizes=\"(max-width: 860px) 100vw, 860px\" \/><\/figure>\n\n\n\n<p>Est\u00e1 em execu\u00e7\u00e3o no munic\u00edpio a obra de revitaliza\u00e7\u00e3o da Pra\u00e7a de Cruzeiro, em Santa Rosa. O projeto est\u00e1 cerca de 10% conclu\u00eddo e contempla a reforma dos passeios, novos sanit\u00e1rios, instala\u00e7\u00f5es el\u00e9tricas, ilumina\u00e7\u00e3o de LED e parquinho. Mais de R$ 1,2 milh\u00e3o ser\u00e1 investido no local, com recursos pr\u00f3prios do munic\u00edpio.<\/p>\n\n\n\n<p>Atualmente, as equipes est\u00e3o trabalhando na constru\u00e7\u00e3o dos sanit\u00e1rios e nas instala\u00e7\u00f5es el\u00e9tricas. O vice-prefeito Aldemir Ulrich acompanhado pelo engenheiro Cristian Picolo e pela fiscal Tamara Puhl, vistoriou o andamento da obra, \u201cEstamos investindo na revitaliza\u00e7\u00e3o das pra\u00e7as da nossa cidade, sempre pensando em proporcionar mais bem-estar, seguran\u00e7a e lazer para a popula\u00e7\u00e3o\u201d, destacou Aldemir.<\/p>\n\n\n\n<p>O prazo para execu\u00e7\u00e3o da obra vai at\u00e9 abril de 2025, conforme o contrato. A Pra\u00e7a de Cruzeiro est\u00e1 localizada na Avenida Flores da Cunha.<\/p>\n","protected":false},"excerpt":{"rendered":"<p>Est\u00e1 em execu\u00e7\u00e3o no munic\u00edpio a obra de revitaliza\u00e7\u00e3o da Pra\u00e7a de Cruzeiro, em Santa Rosa. O projeto est\u00e1 cerca<\/p>\n","protected":false},"author":6,"featured_media":11057,"comment_status":"closed","ping_status":"closed","sticky":false,"template":"","format":"standard","meta":{"footnotes":""},"categories":[4,22],"tags":[],"class_list":["post-11055","post","type-post","status-publish","format-standard","has-post-thumbnail","hentry","category-noticias","category-secretaria-municipal-de-planejamento-e-habitacao"],"aioseo_notices":[],"_links":{"self":[{"href":"https:\/\/prefeitura.santarosa.rs.gov.br\/index.php?rest_route=\/wp\/v2\/posts\/11055","targetHints":{"allow":["GET"]}}],"collection":[{"href":"https:\/\/prefeitura.santarosa.rs.gov.br\/index.php?rest_route=\/wp\/v2\/posts"}],"about":[{"href":"https:\/\/prefeitura.santarosa.rs.gov.br\/index.php?rest_route=\/wp\/v2\/types\/post"}],"author":[{"embeddable":true,"href":"https:\/\/prefeitura.santarosa.rs.gov.br\/index.php?rest_route=\/wp\/v2\/users\/6"}],"replies":[{"embeddable":true,"href":"https:\/\/prefeitura.santarosa.rs.gov.br\/index.php?rest_route=%2Fwp%2Fv2%2Fcomments&post=11055"}],"version-history":[{"count":1,"href":"https:\/\/prefeitura.santarosa.rs.gov.br\/index.php?rest_route=\/wp\/v2\/posts\/11055\/revisions"}],"predecessor-version":[{"id":11058,"href":"https:\/\/prefeitura.santarosa.rs.gov.br\/index.php?rest_route=\/wp\/v2\/posts\/11055\/revisions\/11058"}],"wp:featuredmedia":[{"embeddable":true,"href":"https:\/\/prefeitura.santarosa.rs.gov.br\/index.php?rest_route=\/wp\/v2\/media\/11057"}],"wp:attachment":[{"href":"https:\/\/prefeitura.santarosa.rs.gov.br\/index.php?rest_route=%2Fwp%2Fv2%2Fmedia&parent=11055"}],"wp:term":[{"taxonomy":"category","embeddable":true,"href":"https:\/\/prefeitura.santarosa.rs.gov.br\/index.php?rest_route=%2Fwp%2Fv2%2Fcategories&post=11055"},{"taxonomy":"post_tag","embeddable":true,"href":"https:\/\/prefeitura.santarosa.rs.gov.br\/index.php?rest_route=%2Fwp%2Fv2%2Ftags&post=11055"}],"curies":[{"name":"wp","href":"https:\/\/api.w.org\/{rel}","templated":true}]}}