{"id":11051,"date":"2024-10-16T11:05:15","date_gmt":"2024-10-16T14:05:15","guid":{"rendered":"https:\/\/prefeitura.santarosa.rs.gov.br\/?p=11051"},"modified":"2024-10-16T11:05:16","modified_gmt":"2024-10-16T14:05:16","slug":"abertura-da-36a-olimpiada-das-escolas-municipais-de-santa-rosa","status":"publish","type":"post","link":"https:\/\/prefeitura.santarosa.rs.gov.br\/?p=11051","title":{"rendered":"<strong>Abertura da 36\u00aa Olimp\u00edada das Escolas Municipais de Santa Rosa<\/strong>"},"content":{"rendered":"\n<figure class=\"wp-block-image size-full\"><img fetchpriority=\"high\" decoding=\"async\" width=\"860\" height=\"645\" src=\"https:\/\/prefeitura.santarosa.rs.gov.br\/wp-content\/uploads\/2024\/10\/Formato-Site-e-Portal-860X645-JPG-2024-10-16T105740.005.jpg\" alt=\"\" class=\"wp-image-11052\" srcset=\"https:\/\/prefeitura.santarosa.rs.gov.br\/wp-content\/uploads\/2024\/10\/Formato-Site-e-Portal-860X645-JPG-2024-10-16T105740.005.jpg 860w, https:\/\/prefeitura.santarosa.rs.gov.br\/wp-content\/uploads\/2024\/10\/Formato-Site-e-Portal-860X645-JPG-2024-10-16T105740.005-300x225.jpg 300w, https:\/\/prefeitura.santarosa.rs.gov.br\/wp-content\/uploads\/2024\/10\/Formato-Site-e-Portal-860X645-JPG-2024-10-16T105740.005-768x576.jpg 768w\" sizes=\"(max-width: 860px) 100vw, 860px\" \/><\/figure>\n\n\n\n<p>Na manh\u00e3 desta&nbsp;quarta-feira (16), foi realizada em Santa Rosa, a abertura da 36\u00aa Olimp\u00edada das Escolas Municipais. A a\u00e7\u00e3o aconteceu no Gin\u00e1sio de Esportes Jo\u00e3o Batista Moroni e contou com a participa\u00e7\u00e3o de autoridades e alunos da Rede Municipal de Ensino. Os jogos ser\u00e3o promovidos pela Prefeitura atrav\u00e9s da Secretaria de Esporte e Secretaria de Educa\u00e7\u00e3o e Cultura. O objetivo do evento \u00e9 oportunizar a pr\u00e1tica de esportes em uma grande integra\u00e7\u00e3o entre os estudantes do munic\u00edpio.<\/p>\n\n\n\n<p>Nesta edi\u00e7\u00e3o, est\u00e3o participando 12 escolas em 08 modalidades diferentes: R\u00fastica, Atletismo, Futebol, Xadrez, Futsal, V\u00f4lei, Basquete e Handebol. A competi\u00e7\u00e3o re\u00fane atletas das categorias mirim e infantil, masculino e feminino. Durante o protocolo de abertura, foram recebidas as delega\u00e7\u00f5es esportivas. Logo em seguida, aconteceu a entrada da tocha ol\u00edmpica, que foi conduzida e acesa pelo atleta Eduardo Hein da EMEF Professor Francisco Xavier Giordani, acompanhado de uma representa\u00e7\u00e3o de cada escola participante. O prefeito Anderson Mantei deu as boas-vindas aos alunos e desejou a todos um \u00f3timo evento, \u201cEsta \u00e9 uma das maiores competi\u00e7\u00f5es esportivas do munic\u00edpio e que re\u00fane atletas das nossas escolas municipais. Sabemos da import\u00e2ncia do esporte e o quanto a pr\u00e1tica esportiva auxilia no desenvolvimento dos jovens, atrav\u00e9s de valores como o respeito, a garra e a disciplina. Que tenhamos uma \u00f3tima ol\u00edmpiada com muita torcida e bons resultados\u201d.<\/p>\n\n\n\n<p>A XXXVI Ol\u00edmpiada das Escolas Municipais de Santa Rosa vai contar com mais de 200 disputas em diferentes modalidades e encerra no dia 30 de outubro.<\/p>\n","protected":false},"excerpt":{"rendered":"<p>Na manh\u00e3 desta&nbsp;quarta-feira (16), foi realizada em Santa Rosa, a abertura da 36\u00aa Olimp\u00edada das Escolas Municipais. A a\u00e7\u00e3o aconteceu<\/p>\n","protected":false},"author":6,"featured_media":11053,"comment_status":"closed","ping_status":"closed","sticky":false,"template":"","format":"standard","meta":{"footnotes":""},"categories":[4,18,19],"tags":[],"class_list":["post-11051","post","type-post","status-publish","format-standard","has-post-thumbnail","hentry","category-noticias","category-secretaria-municipal-de-educacao-e-cultura","category-secretaria-municipal-de-esporte"],"aioseo_notices":[],"_links":{"self":[{"href":"https:\/\/prefeitura.santarosa.rs.gov.br\/index.php?rest_route=\/wp\/v2\/posts\/11051","targetHints":{"allow":["GET"]}}],"collection":[{"href":"https:\/\/prefeitura.santarosa.rs.gov.br\/index.php?rest_route=\/wp\/v2\/posts"}],"about":[{"href":"https:\/\/prefeitura.santarosa.rs.gov.br\/index.php?rest_route=\/wp\/v2\/types\/post"}],"author":[{"embeddable":true,"href":"https:\/\/prefeitura.santarosa.rs.gov.br\/index.php?rest_route=\/wp\/v2\/users\/6"}],"replies":[{"embeddable":true,"href":"https:\/\/prefeitura.santarosa.rs.gov.br\/index.php?rest_route=%2Fwp%2Fv2%2Fcomments&post=11051"}],"version-history":[{"count":1,"href":"https:\/\/prefeitura.santarosa.rs.gov.br\/index.php?rest_route=\/wp\/v2\/posts\/11051\/revisions"}],"predecessor-version":[{"id":11054,"href":"https:\/\/prefeitura.santarosa.rs.gov.br\/index.php?rest_route=\/wp\/v2\/posts\/11051\/revisions\/11054"}],"wp:featuredmedia":[{"embeddable":true,"href":"https:\/\/prefeitura.santarosa.rs.gov.br\/index.php?rest_route=\/wp\/v2\/media\/11053"}],"wp:attachment":[{"href":"https:\/\/prefeitura.santarosa.rs.gov.br\/index.php?rest_route=%2Fwp%2Fv2%2Fmedia&parent=11051"}],"wp:term":[{"taxonomy":"category","embeddable":true,"href":"https:\/\/prefeitura.santarosa.rs.gov.br\/index.php?rest_route=%2Fwp%2Fv2%2Fcategories&post=11051"},{"taxonomy":"post_tag","embeddable":true,"href":"https:\/\/prefeitura.santarosa.rs.gov.br\/index.php?rest_route=%2Fwp%2Fv2%2Ftags&post=11051"}],"curies":[{"name":"wp","href":"https:\/\/api.w.org\/{rel}","templated":true}]}}