{"id":11047,"date":"2024-10-15T17:05:31","date_gmt":"2024-10-15T20:05:31","guid":{"rendered":"https:\/\/prefeitura.santarosa.rs.gov.br\/?p=11047"},"modified":"2024-10-15T17:05:32","modified_gmt":"2024-10-15T20:05:32","slug":"mais-de-600-familias-beneficiadas-com-o-programa-habitacional-santa-rosa-verde-e-amarela","status":"publish","type":"post","link":"https:\/\/prefeitura.santarosa.rs.gov.br\/?p=11047","title":{"rendered":"<strong>Mais de 600 fam\u00edlias beneficiadas com o Programa Habitacional Santa Rosa Verde e Amarela<\/strong>"},"content":{"rendered":"\n<figure class=\"wp-block-image size-full\"><img fetchpriority=\"high\" decoding=\"async\" width=\"860\" height=\"645\" src=\"https:\/\/prefeitura.santarosa.rs.gov.br\/wp-content\/uploads\/2024\/10\/Formato-Site-e-Portal-860X645-JPG-2024-10-15T145143.313.jpg\" alt=\"\" class=\"wp-image-11048\" srcset=\"https:\/\/prefeitura.santarosa.rs.gov.br\/wp-content\/uploads\/2024\/10\/Formato-Site-e-Portal-860X645-JPG-2024-10-15T145143.313.jpg 860w, https:\/\/prefeitura.santarosa.rs.gov.br\/wp-content\/uploads\/2024\/10\/Formato-Site-e-Portal-860X645-JPG-2024-10-15T145143.313-300x225.jpg 300w, https:\/\/prefeitura.santarosa.rs.gov.br\/wp-content\/uploads\/2024\/10\/Formato-Site-e-Portal-860X645-JPG-2024-10-15T145143.313-768x576.jpg 768w\" sizes=\"(max-width: 860px) 100vw, 860px\" \/><\/figure>\n\n\n\n<p>O programa habitacional Santa Rosa Verde e Amarela tem avan\u00e7ado no munic\u00edpio. Mais de 600 fam\u00edlias j\u00e1 foram beneficiadas. Os cidad\u00e3os contemplados receberam um subs\u00eddio de R$ 18 mil, de recurso pr\u00f3prio da prefeitura, para a entrada da aquisi\u00e7\u00e3o ou constru\u00e7\u00e3o de um im\u00f3vel. At\u00e9 o momento, R$ 10,6 milh\u00f5es foram investidos no programa.<\/p>\n\n\n\n<p>Ao todo, 608 contratos j\u00e1 foram encaminhados. Destes, 590 est\u00e3o pagos e os demais est\u00e3o em tramita\u00e7\u00e3o. O prefeito Anderson Mantei destaca que essa \u00e9 uma a\u00e7\u00e3o do governo que est\u00e1 beneficiando muitas fam\u00edlias, \u201cNosso objetivo \u00e9 auxiliar a popula\u00e7\u00e3o a concretizar o sonho da casa pr\u00f3pria. S\u00e3o mais de 600 fam\u00edlias que v\u00e3o parar de pagar aluguel e ter seu im\u00f3vel com a ajuda do munic\u00edpio\u201d.<\/p>\n\n\n\n<p>Os interessados em receber o benef\u00edcio devem procurar uma institui\u00e7\u00e3o financeira ou de cr\u00e9dito e encaminhar o financiamento habitacional, casa ou apartamento novos, de at\u00e9 R$ 220 mil. Assim que liberado o financiamento, dentro dos crit\u00e9rios do programa, o subs\u00eddio da prefeitura \u00e9 aprovado.<\/p>\n\n\n\n<p>Requisitos para participar do programa:<\/p>\n\n\n\n<p>\u2013 Ser maior de idade ou emancipado na forma de lei<\/p>\n\n\n\n<p>\u2013 N\u00e3o ser propriet\u00e1rio de im\u00f3vel residencial urbano em Santa Rosa<\/p>\n\n\n\n<p>\u2013 Ter renda familiar bruta de at\u00e9 R$ 7 mil<\/p>\n","protected":false},"excerpt":{"rendered":"<p>O programa habitacional Santa Rosa Verde e Amarela tem avan\u00e7ado no munic\u00edpio. Mais de 600 fam\u00edlias j\u00e1 foram beneficiadas. Os<\/p>\n","protected":false},"author":6,"featured_media":11049,"comment_status":"closed","ping_status":"closed","sticky":false,"template":"","format":"standard","meta":{"footnotes":""},"categories":[4,22],"tags":[],"class_list":["post-11047","post","type-post","status-publish","format-standard","has-post-thumbnail","hentry","category-noticias","category-secretaria-municipal-de-planejamento-e-habitacao"],"aioseo_notices":[],"_links":{"self":[{"href":"https:\/\/prefeitura.santarosa.rs.gov.br\/index.php?rest_route=\/wp\/v2\/posts\/11047","targetHints":{"allow":["GET"]}}],"collection":[{"href":"https:\/\/prefeitura.santarosa.rs.gov.br\/index.php?rest_route=\/wp\/v2\/posts"}],"about":[{"href":"https:\/\/prefeitura.santarosa.rs.gov.br\/index.php?rest_route=\/wp\/v2\/types\/post"}],"author":[{"embeddable":true,"href":"https:\/\/prefeitura.santarosa.rs.gov.br\/index.php?rest_route=\/wp\/v2\/users\/6"}],"replies":[{"embeddable":true,"href":"https:\/\/prefeitura.santarosa.rs.gov.br\/index.php?rest_route=%2Fwp%2Fv2%2Fcomments&post=11047"}],"version-history":[{"count":1,"href":"https:\/\/prefeitura.santarosa.rs.gov.br\/index.php?rest_route=\/wp\/v2\/posts\/11047\/revisions"}],"predecessor-version":[{"id":11050,"href":"https:\/\/prefeitura.santarosa.rs.gov.br\/index.php?rest_route=\/wp\/v2\/posts\/11047\/revisions\/11050"}],"wp:featuredmedia":[{"embeddable":true,"href":"https:\/\/prefeitura.santarosa.rs.gov.br\/index.php?rest_route=\/wp\/v2\/media\/11049"}],"wp:attachment":[{"href":"https:\/\/prefeitura.santarosa.rs.gov.br\/index.php?rest_route=%2Fwp%2Fv2%2Fmedia&parent=11047"}],"wp:term":[{"taxonomy":"category","embeddable":true,"href":"https:\/\/prefeitura.santarosa.rs.gov.br\/index.php?rest_route=%2Fwp%2Fv2%2Fcategories&post=11047"},{"taxonomy":"post_tag","embeddable":true,"href":"https:\/\/prefeitura.santarosa.rs.gov.br\/index.php?rest_route=%2Fwp%2Fv2%2Ftags&post=11047"}],"curies":[{"name":"wp","href":"https:\/\/api.w.org\/{rel}","templated":true}]}}