{"id":11043,"date":"2024-10-15T10:52:04","date_gmt":"2024-10-15T13:52:04","guid":{"rendered":"https:\/\/prefeitura.santarosa.rs.gov.br\/?p=11043"},"modified":"2024-10-15T10:52:05","modified_gmt":"2024-10-15T13:52:05","slug":"tape-pora-tera-ciclovia-interna","status":"publish","type":"post","link":"https:\/\/prefeitura.santarosa.rs.gov.br\/?p=11043","title":{"rendered":"<strong>Tape Por\u00e3 ter\u00e1 ciclovia interna<\/strong>"},"content":{"rendered":"\n<figure class=\"wp-block-image size-full\"><img fetchpriority=\"high\" decoding=\"async\" width=\"860\" height=\"645\" src=\"https:\/\/prefeitura.santarosa.rs.gov.br\/wp-content\/uploads\/2024\/10\/Formato-Site-e-Portal-860X645-JPG-2024-10-15T105125.524.jpg\" alt=\"\" class=\"wp-image-11044\" srcset=\"https:\/\/prefeitura.santarosa.rs.gov.br\/wp-content\/uploads\/2024\/10\/Formato-Site-e-Portal-860X645-JPG-2024-10-15T105125.524.jpg 860w, https:\/\/prefeitura.santarosa.rs.gov.br\/wp-content\/uploads\/2024\/10\/Formato-Site-e-Portal-860X645-JPG-2024-10-15T105125.524-300x225.jpg 300w, https:\/\/prefeitura.santarosa.rs.gov.br\/wp-content\/uploads\/2024\/10\/Formato-Site-e-Portal-860X645-JPG-2024-10-15T105125.524-768x576.jpg 768w\" sizes=\"(max-width: 860px) 100vw, 860px\" \/><\/figure>\n\n\n\n<p>Um dos locais mais frequentados pelas fam\u00edlias santa-rosenses, o Tape Por\u00e3, contar\u00e1 com uma ciclovia interna. A ordem de in\u00edcio para a execu\u00e7\u00e3o da obra dentro do parque linear foi assinada pelo prefeito Anderson Mantei. Mais de R$ 570 mil ser\u00e3o investidos no local.<\/p>\n\n\n\n<p>O projeto prev\u00ea a constru\u00e7\u00e3o de uma pista de concreto que vai do quartel at\u00e9 o p\u00f3rtico da Oktoberfest. O prefeito destacou as vantagens para a popula\u00e7\u00e3o: \u201cA partir desta obra, a ciclovia deixar\u00e1 de estar conjunta \u00e0 pista de rolamento, proporcionando mais seguran\u00e7a aos usu\u00e1rios. Outra vantagem da ciclovia interna ser\u00e1 a maior disponibilidade de vagas de estacionamento na Avenida Expedicion\u00e1rio Weber\u201d.<\/p>\n\n\n\n<p>Al\u00e9m da ciclovia, o Tape Por\u00e3 tem recebido outras melhorias. Neste ano, foi conclu\u00edda a etapa III de amplia\u00e7\u00e3o do local, que vai da Vila Beatriz at\u00e9 a Vila Oliveira. A obra de 460 metros contemplou uma \u00e1rea total de 10.889,03 m\u00b2. Mais de R$ 1,4 milh\u00e3o de recursos pr\u00f3prios foram investidos no projeto.<\/p>\n","protected":false},"excerpt":{"rendered":"<p>Um dos locais mais frequentados pelas fam\u00edlias santa-rosenses, o Tape Por\u00e3, contar\u00e1 com uma ciclovia interna. A ordem de in\u00edcio<\/p>\n","protected":false},"author":6,"featured_media":11045,"comment_status":"closed","ping_status":"closed","sticky":false,"template":"","format":"standard","meta":{"footnotes":""},"categories":[4,22],"tags":[],"class_list":["post-11043","post","type-post","status-publish","format-standard","has-post-thumbnail","hentry","category-noticias","category-secretaria-municipal-de-planejamento-e-habitacao"],"aioseo_notices":[],"_links":{"self":[{"href":"https:\/\/prefeitura.santarosa.rs.gov.br\/index.php?rest_route=\/wp\/v2\/posts\/11043","targetHints":{"allow":["GET"]}}],"collection":[{"href":"https:\/\/prefeitura.santarosa.rs.gov.br\/index.php?rest_route=\/wp\/v2\/posts"}],"about":[{"href":"https:\/\/prefeitura.santarosa.rs.gov.br\/index.php?rest_route=\/wp\/v2\/types\/post"}],"author":[{"embeddable":true,"href":"https:\/\/prefeitura.santarosa.rs.gov.br\/index.php?rest_route=\/wp\/v2\/users\/6"}],"replies":[{"embeddable":true,"href":"https:\/\/prefeitura.santarosa.rs.gov.br\/index.php?rest_route=%2Fwp%2Fv2%2Fcomments&post=11043"}],"version-history":[{"count":1,"href":"https:\/\/prefeitura.santarosa.rs.gov.br\/index.php?rest_route=\/wp\/v2\/posts\/11043\/revisions"}],"predecessor-version":[{"id":11046,"href":"https:\/\/prefeitura.santarosa.rs.gov.br\/index.php?rest_route=\/wp\/v2\/posts\/11043\/revisions\/11046"}],"wp:featuredmedia":[{"embeddable":true,"href":"https:\/\/prefeitura.santarosa.rs.gov.br\/index.php?rest_route=\/wp\/v2\/media\/11045"}],"wp:attachment":[{"href":"https:\/\/prefeitura.santarosa.rs.gov.br\/index.php?rest_route=%2Fwp%2Fv2%2Fmedia&parent=11043"}],"wp:term":[{"taxonomy":"category","embeddable":true,"href":"https:\/\/prefeitura.santarosa.rs.gov.br\/index.php?rest_route=%2Fwp%2Fv2%2Fcategories&post=11043"},{"taxonomy":"post_tag","embeddable":true,"href":"https:\/\/prefeitura.santarosa.rs.gov.br\/index.php?rest_route=%2Fwp%2Fv2%2Ftags&post=11043"}],"curies":[{"name":"wp","href":"https:\/\/api.w.org\/{rel}","templated":true}]}}