{"id":11038,"date":"2024-10-14T16:22:41","date_gmt":"2024-10-14T19:22:41","guid":{"rendered":"https:\/\/prefeitura.santarosa.rs.gov.br\/?p=11038"},"modified":"2024-10-14T16:22:41","modified_gmt":"2024-10-14T19:22:41","slug":"assinada-a-ordem-de-inicio-da-revitalizacao-da-praca-da-bandeira","status":"publish","type":"post","link":"https:\/\/prefeitura.santarosa.rs.gov.br\/?p=11038","title":{"rendered":"<strong>Assinada a ordem de in\u00edcio da revitaliza\u00e7\u00e3o da Pra\u00e7a da Bandeira<\/strong>"},"content":{"rendered":"\n<figure class=\"wp-block-image size-large\"><img fetchpriority=\"high\" decoding=\"async\" width=\"1024\" height=\"768\" src=\"https:\/\/prefeitura.santarosa.rs.gov.br\/wp-content\/uploads\/2024\/10\/Formato-Site-e-Portal-860X645-JPG-2024-10-14T162021.606-1024x768.jpg\" alt=\"\" class=\"wp-image-11039\" srcset=\"https:\/\/prefeitura.santarosa.rs.gov.br\/wp-content\/uploads\/2024\/10\/Formato-Site-e-Portal-860X645-JPG-2024-10-14T162021.606-1024x768.jpg 1024w, https:\/\/prefeitura.santarosa.rs.gov.br\/wp-content\/uploads\/2024\/10\/Formato-Site-e-Portal-860X645-JPG-2024-10-14T162021.606-300x225.jpg 300w, https:\/\/prefeitura.santarosa.rs.gov.br\/wp-content\/uploads\/2024\/10\/Formato-Site-e-Portal-860X645-JPG-2024-10-14T162021.606-768x576.jpg 768w, https:\/\/prefeitura.santarosa.rs.gov.br\/wp-content\/uploads\/2024\/10\/Formato-Site-e-Portal-860X645-JPG-2024-10-14T162021.606-1536x1152.jpg 1536w, https:\/\/prefeitura.santarosa.rs.gov.br\/wp-content\/uploads\/2024\/10\/Formato-Site-e-Portal-860X645-JPG-2024-10-14T162021.606-2048x1536.jpg 2048w\" sizes=\"(max-width: 1024px) 100vw, 1024px\" \/><\/figure>\n\n\n\n<p>O Prefeito Anderson Mantei, assinou na tarde desta segunda-feira (14), a ordem de in\u00edcio da obra de revitaliza\u00e7\u00e3o da Pra\u00e7a da Bandeira, no Centro de Santa Rosa. O projeto conta com diversas melhorias na infraestrutura. Ser\u00e1 uma remodela\u00e7\u00e3o completa que vai proporcionar mais seguran\u00e7a, acessibilidade e lazer para a popula\u00e7\u00e3o. Mais de R$ 2,3 milh\u00f5es ser\u00e3o investidos no local, com recursos pr\u00f3prios do munic\u00edpio.<\/p>\n\n\n\n<p>Entre as melhorias est\u00e3o a revitaliza\u00e7\u00e3o dos pisos internos com acessibilidade, constru\u00e7\u00e3o de novos sanit\u00e1rios, sistema de ilumina\u00e7\u00e3o LED, reforma das paradas de \u00f4nibus e cria\u00e7\u00e3o de um largo de interliga\u00e7\u00e3o entre a pra\u00e7a, o Centro Cultural e a Via Cultural. As obras v\u00e3o ser realizadas em uma \u00e1rea de 10.000 m\u00b2. O Prefeito Anderson Mantei, ressaltou que o objetivo \u00e9 entregar para a popula\u00e7\u00e3o um espa\u00e7o totalmente remodelado, \u201cA Pra\u00e7a da Bandeira \u00e9 um dos espa\u00e7os p\u00fablicos mais utilizado e frequentado pelos santa-rosenses. Centenas de pessoas e fam\u00edlias passam por ali todos os dias e em breve, elas v\u00e3o poder contar com um local mais seguro, bonito e com mais infraestrutura\u201d.<\/p>\n\n\n\n<p>O projeto arquitet\u00f4nico da revitaliza\u00e7\u00e3o da pra\u00e7a foi constru\u00eddo de forma volunt\u00e1ria pela Arquiteta e Urbanista, Luciana Locatelli. O prazo de execu\u00e7\u00e3o vai at\u00e9 dezembro\/2025. &nbsp;<\/p>\n","protected":false},"excerpt":{"rendered":"<p>O Prefeito Anderson Mantei, assinou na tarde desta segunda-feira (14), a ordem de in\u00edcio da obra de revitaliza\u00e7\u00e3o da Pra\u00e7a<\/p>\n","protected":false},"author":6,"featured_media":11040,"comment_status":"closed","ping_status":"closed","sticky":false,"template":"","format":"standard","meta":{"footnotes":""},"categories":[4,22],"tags":[],"class_list":["post-11038","post","type-post","status-publish","format-standard","has-post-thumbnail","hentry","category-noticias","category-secretaria-municipal-de-planejamento-e-habitacao"],"aioseo_notices":[],"_links":{"self":[{"href":"https:\/\/prefeitura.santarosa.rs.gov.br\/index.php?rest_route=\/wp\/v2\/posts\/11038","targetHints":{"allow":["GET"]}}],"collection":[{"href":"https:\/\/prefeitura.santarosa.rs.gov.br\/index.php?rest_route=\/wp\/v2\/posts"}],"about":[{"href":"https:\/\/prefeitura.santarosa.rs.gov.br\/index.php?rest_route=\/wp\/v2\/types\/post"}],"author":[{"embeddable":true,"href":"https:\/\/prefeitura.santarosa.rs.gov.br\/index.php?rest_route=\/wp\/v2\/users\/6"}],"replies":[{"embeddable":true,"href":"https:\/\/prefeitura.santarosa.rs.gov.br\/index.php?rest_route=%2Fwp%2Fv2%2Fcomments&post=11038"}],"version-history":[{"count":1,"href":"https:\/\/prefeitura.santarosa.rs.gov.br\/index.php?rest_route=\/wp\/v2\/posts\/11038\/revisions"}],"predecessor-version":[{"id":11041,"href":"https:\/\/prefeitura.santarosa.rs.gov.br\/index.php?rest_route=\/wp\/v2\/posts\/11038\/revisions\/11041"}],"wp:featuredmedia":[{"embeddable":true,"href":"https:\/\/prefeitura.santarosa.rs.gov.br\/index.php?rest_route=\/wp\/v2\/media\/11040"}],"wp:attachment":[{"href":"https:\/\/prefeitura.santarosa.rs.gov.br\/index.php?rest_route=%2Fwp%2Fv2%2Fmedia&parent=11038"}],"wp:term":[{"taxonomy":"category","embeddable":true,"href":"https:\/\/prefeitura.santarosa.rs.gov.br\/index.php?rest_route=%2Fwp%2Fv2%2Fcategories&post=11038"},{"taxonomy":"post_tag","embeddable":true,"href":"https:\/\/prefeitura.santarosa.rs.gov.br\/index.php?rest_route=%2Fwp%2Fv2%2Ftags&post=11038"}],"curies":[{"name":"wp","href":"https:\/\/api.w.org\/{rel}","templated":true}]}}