{"id":11034,"date":"2024-10-14T16:11:36","date_gmt":"2024-10-14T19:11:36","guid":{"rendered":"https:\/\/prefeitura.santarosa.rs.gov.br\/?p=11034"},"modified":"2024-10-14T16:11:37","modified_gmt":"2024-10-14T19:11:37","slug":"aprhofest-foi-lancada-em-santa-rosa","status":"publish","type":"post","link":"https:\/\/prefeitura.santarosa.rs.gov.br\/?p=11034","title":{"rendered":"<strong>Aprhofest foi lan\u00e7ada em Santa Rosa<\/strong>"},"content":{"rendered":"\n<figure class=\"wp-block-image size-full\"><img fetchpriority=\"high\" decoding=\"async\" width=\"860\" height=\"645\" src=\"https:\/\/prefeitura.santarosa.rs.gov.br\/wp-content\/uploads\/2024\/10\/Formato-Site-e-Portal-860X645-JPG-2024-10-14T154534.948.jpg\" alt=\"\" class=\"wp-image-11035\" srcset=\"https:\/\/prefeitura.santarosa.rs.gov.br\/wp-content\/uploads\/2024\/10\/Formato-Site-e-Portal-860X645-JPG-2024-10-14T154534.948.jpg 860w, https:\/\/prefeitura.santarosa.rs.gov.br\/wp-content\/uploads\/2024\/10\/Formato-Site-e-Portal-860X645-JPG-2024-10-14T154534.948-300x225.jpg 300w, https:\/\/prefeitura.santarosa.rs.gov.br\/wp-content\/uploads\/2024\/10\/Formato-Site-e-Portal-860X645-JPG-2024-10-14T154534.948-768x576.jpg 768w\" sizes=\"(max-width: 860px) 100vw, 860px\" \/><\/figure>\n\n\n\n<p>A data da 4\u00aa edi\u00e7\u00e3o da Aprhofest foi anunciada em ato realizado junto ao Mercado P\u00fablico Eclair Moraginski de Santa Rosa, na \u00faltima sexta-feira (11\/10). Na ocasi\u00e3o foi reiterada a oportunidade de a comunidade viver momentos de confraterniza\u00e7\u00e3o e acessar produtos diferenciados durante o evento que acontece de 8 a 10 de novembro.<\/p>\n\n\n\n<p>A Aprhofest \u00e9 uma promo\u00e7\u00e3o da Associa\u00e7\u00e3o dos Produtores de Hortigranjeiros de Santa Rosa (Aprhorosa) e da Prefeitura de Santa Rosa. O evento conta com o apoio da Emater\/RS-Ascar e do Encontro Estadual de Hortigranjeiros, BR Phonia e Chopp Brahma Express.\u00a0 Tamb\u00e9m conta com a produ\u00e7\u00e3o cultural da Lucano Cultura e Marketing e apoio cultural da Metal\u00fargica Marks e Metal\u00fargica Jama.<\/p>\n\n\n\n<p>Entre as lideran\u00e7as que participaram da a\u00e7\u00e3o e enfatizaram a import\u00e2ncia desta a\u00e7\u00e3o para a visibilidade do potencial da agricultura familiar local, estiveram o vice-prefeito, Aldemir Ullrich, a presidente da Aprhorosa e do Encontro Estadual de Hortigranjeiros, Ester Seide, o m\u00e9dico veterin\u00e1rio do Escrit\u00f3rio Municipal da Emater\/RS-Ascar Guilherme Dahmer, representantes da Secretaria Municipal da Agricultura, vereadores, entre outros.<\/p>\n\n\n\n<p>Ester, que \u00e9 uma das idealizadoras do evento, reiterou que a realiza\u00e7\u00e3o da Aprhofest busca oportunizar que mais pessoas conhe\u00e7am as potencialidades do que \u00e9 produzido em Santa Rosa, agregando-se produtos de agroind\u00fastrias, hortifrutigranjeiros, artesanato, floricultura, brinquedos para as crian\u00e7as e apresenta\u00e7\u00f5es art\u00edsticas e culturais.<\/p>\n\n\n\n<p>Nestes dias, o Mercado P\u00fablico funcionar\u00e1 em hor\u00e1rio diferenciado, com atrativos que contemplam pessoas de diferentes idades: na sexta-feira (08\/11), das 16h \u00e0s 22h, no s\u00e1bado (09\/11), das 10h \u00e0s 22h, e no domingo (10\/11), das 10h \u00e0s 22h.<\/p>\n","protected":false},"excerpt":{"rendered":"<p>A data da 4\u00aa edi\u00e7\u00e3o da Aprhofest foi anunciada em ato realizado junto ao Mercado P\u00fablico Eclair Moraginski de Santa<\/p>\n","protected":false},"author":6,"featured_media":11036,"comment_status":"closed","ping_status":"closed","sticky":false,"template":"","format":"standard","meta":{"footnotes":""},"categories":[4,14],"tags":[],"class_list":["post-11034","post","type-post","status-publish","format-standard","has-post-thumbnail","hentry","category-noticias","category-secretaria-municipal-de-agricultura"],"aioseo_notices":[],"_links":{"self":[{"href":"https:\/\/prefeitura.santarosa.rs.gov.br\/index.php?rest_route=\/wp\/v2\/posts\/11034","targetHints":{"allow":["GET"]}}],"collection":[{"href":"https:\/\/prefeitura.santarosa.rs.gov.br\/index.php?rest_route=\/wp\/v2\/posts"}],"about":[{"href":"https:\/\/prefeitura.santarosa.rs.gov.br\/index.php?rest_route=\/wp\/v2\/types\/post"}],"author":[{"embeddable":true,"href":"https:\/\/prefeitura.santarosa.rs.gov.br\/index.php?rest_route=\/wp\/v2\/users\/6"}],"replies":[{"embeddable":true,"href":"https:\/\/prefeitura.santarosa.rs.gov.br\/index.php?rest_route=%2Fwp%2Fv2%2Fcomments&post=11034"}],"version-history":[{"count":1,"href":"https:\/\/prefeitura.santarosa.rs.gov.br\/index.php?rest_route=\/wp\/v2\/posts\/11034\/revisions"}],"predecessor-version":[{"id":11037,"href":"https:\/\/prefeitura.santarosa.rs.gov.br\/index.php?rest_route=\/wp\/v2\/posts\/11034\/revisions\/11037"}],"wp:featuredmedia":[{"embeddable":true,"href":"https:\/\/prefeitura.santarosa.rs.gov.br\/index.php?rest_route=\/wp\/v2\/media\/11036"}],"wp:attachment":[{"href":"https:\/\/prefeitura.santarosa.rs.gov.br\/index.php?rest_route=%2Fwp%2Fv2%2Fmedia&parent=11034"}],"wp:term":[{"taxonomy":"category","embeddable":true,"href":"https:\/\/prefeitura.santarosa.rs.gov.br\/index.php?rest_route=%2Fwp%2Fv2%2Fcategories&post=11034"},{"taxonomy":"post_tag","embeddable":true,"href":"https:\/\/prefeitura.santarosa.rs.gov.br\/index.php?rest_route=%2Fwp%2Fv2%2Ftags&post=11034"}],"curies":[{"name":"wp","href":"https:\/\/api.w.org\/{rel}","templated":true}]}}