{"id":11030,"date":"2024-10-14T10:57:18","date_gmt":"2024-10-14T13:57:18","guid":{"rendered":"https:\/\/prefeitura.santarosa.rs.gov.br\/?p=11030"},"modified":"2024-10-14T10:57:18","modified_gmt":"2024-10-14T13:57:18","slug":"guarani-de-pessegueiro-nos-titulares-e-celtic-comercial-nos-aspirantes-sao-os-campeoes-do-municipal-de-futebol-de-campo-2024","status":"publish","type":"post","link":"https:\/\/prefeitura.santarosa.rs.gov.br\/?p=11030","title":{"rendered":"<strong>Guarani de Pessegueiro nos Titulares e Celtic\/Comercial nos Aspirantes s\u00e3o os campe\u00f5es do Municipal de Futebol de Campo 2024<\/strong>"},"content":{"rendered":"\n<p><em>Final do campeonato reuniu mais de mil pessoas em Santa Rosa<\/em><\/p>\n\n\n\n<figure class=\"wp-block-image size-full\"><img fetchpriority=\"high\" decoding=\"async\" width=\"860\" height=\"645\" src=\"https:\/\/prefeitura.santarosa.rs.gov.br\/wp-content\/uploads\/2024\/10\/Formato-Site-e-Portal-860X645-JPG-2024-10-14T105620.041.jpg\" alt=\"\" class=\"wp-image-11031\" srcset=\"https:\/\/prefeitura.santarosa.rs.gov.br\/wp-content\/uploads\/2024\/10\/Formato-Site-e-Portal-860X645-JPG-2024-10-14T105620.041.jpg 860w, https:\/\/prefeitura.santarosa.rs.gov.br\/wp-content\/uploads\/2024\/10\/Formato-Site-e-Portal-860X645-JPG-2024-10-14T105620.041-300x225.jpg 300w, https:\/\/prefeitura.santarosa.rs.gov.br\/wp-content\/uploads\/2024\/10\/Formato-Site-e-Portal-860X645-JPG-2024-10-14T105620.041-768x576.jpg 768w\" sizes=\"(max-width: 860px) 100vw, 860px\" \/><\/figure>\n\n\n\n<p>No \u00faltimo s\u00e1bado (12), foi realizado o encerramento do Campeonato Municipal de Futebol de Campo 2024 &#8211; Categorias: Aspirante e Titular. As duas disputas finais aconteceram no Est\u00e1dio Municipal Carlos Denardin. Mais de mil pessoas acompanharam os jogos. Foram consagrados campe\u00f5es: Celtic\/Comercial nos Aspirantes e Guarani de Pessegueiro nos Titulares. A competi\u00e7\u00e3o que iniciou em agosto reuniu mais de 500 atletas, divididos em 20 equipes.<\/p>\n\n\n\n<p>Na categoria Aspirante, a equipe do Celtic\/Comercial venceu pelo placar de 3\u00d70. O atleta Rudinei abriu o placar com um gol de p\u00eanalti. Logo ap\u00f3s, Alexandre ampliou com uma cobran\u00e7a de falta, e no segundo tempo, Vitor Prestes finalizou com o terceiro gol contra o Guarani de Pessegueiro. Na categoria Titular, a equipe do Guarani de Pessegueiro recebeu o t\u00edtulo de campe\u00e3 da competi\u00e7\u00e3o. Aos 10 minutos, Marcelo abriu o placar em uma cobran\u00e7a de p\u00eanalti, logo ap\u00f3s em um contra-ataque, Gilson fez o segundo gol da partida. No segundo tempo, Darl\u00e3 e L\u00e1zaro, ampliaram o placar. Final do jogo, Guarani de Pessegueiro 4 x 0 Celtic\/Comercial. O Secret\u00e1rio de Esporte, Fernando Braz, acompanhou as finais e parabenizou os atletas, \u201cQueremos parabenizar e agradecer a participa\u00e7\u00e3o de todos os atletas nesta grande competi\u00e7\u00e3o que foi o Municipal de Futebol de Campo. Foram dois meses de muita torcida e expectativa. Encerramos com chave de ouro, com um grande p\u00fablico prestigiando o esporte em Santa Rosa\u201d.<\/p>\n\n\n\n<p>Os times campe\u00f5es receberam trof\u00e9us e medalhas. Na oportunidade, tamb\u00e9m foram anunciados os outros t\u00edtulos do campeonato.<\/p>\n\n\n\n<p>Categoria Aspirante:<\/p>\n\n\n\n<p>&#8211; Vice-Campe\u00e3o: Guarani Pessegueiro<\/p>\n\n\n\n<p>&#8211; Terceiro Colocado: Esportivo de Bela Uni\u00e3o<\/p>\n\n\n\n<p>&#8211; Craque da Final: Alexandre Schneider (Celtic\/Comercial)<\/p>\n\n\n\n<p>&#8211; Goleiro Menos Vazado: Gian Fonseca (Celtic\/Comercial)<\/p>\n\n\n\n<p>&#8211; Artilheiro: Eduardo Karnikowski (Ouro Verde)<\/p>\n\n\n\n<p>Categoria Titular:<\/p>\n\n\n\n<p>&#8211; Vice-Campe\u00e3o &#8211; Celtic\/Comercial<\/p>\n\n\n\n<p>&#8211; Terceiro Colocado: Largados F.C.<\/p>\n\n\n\n<p>&#8211; Craque da Final: Marcelo Dluzniewski (Guarani)<\/p>\n\n\n\n<p>&#8211; Goleiro Menos Vazado: Venicius Nunes (Guarani)<\/p>\n\n\n\n<p>&#8211; Artilheiro: Espartacos Goral (Celtic\/Comercial)<\/p>\n","protected":false},"excerpt":{"rendered":"<p>Final do campeonato reuniu mais de mil pessoas em Santa Rosa No \u00faltimo s\u00e1bado (12), foi realizado o encerramento do<\/p>\n","protected":false},"author":6,"featured_media":11032,"comment_status":"closed","ping_status":"closed","sticky":false,"template":"","format":"standard","meta":{"footnotes":""},"categories":[4,19],"tags":[],"class_list":["post-11030","post","type-post","status-publish","format-standard","has-post-thumbnail","hentry","category-noticias","category-secretaria-municipal-de-esporte"],"aioseo_notices":[],"_links":{"self":[{"href":"https:\/\/prefeitura.santarosa.rs.gov.br\/index.php?rest_route=\/wp\/v2\/posts\/11030","targetHints":{"allow":["GET"]}}],"collection":[{"href":"https:\/\/prefeitura.santarosa.rs.gov.br\/index.php?rest_route=\/wp\/v2\/posts"}],"about":[{"href":"https:\/\/prefeitura.santarosa.rs.gov.br\/index.php?rest_route=\/wp\/v2\/types\/post"}],"author":[{"embeddable":true,"href":"https:\/\/prefeitura.santarosa.rs.gov.br\/index.php?rest_route=\/wp\/v2\/users\/6"}],"replies":[{"embeddable":true,"href":"https:\/\/prefeitura.santarosa.rs.gov.br\/index.php?rest_route=%2Fwp%2Fv2%2Fcomments&post=11030"}],"version-history":[{"count":1,"href":"https:\/\/prefeitura.santarosa.rs.gov.br\/index.php?rest_route=\/wp\/v2\/posts\/11030\/revisions"}],"predecessor-version":[{"id":11033,"href":"https:\/\/prefeitura.santarosa.rs.gov.br\/index.php?rest_route=\/wp\/v2\/posts\/11030\/revisions\/11033"}],"wp:featuredmedia":[{"embeddable":true,"href":"https:\/\/prefeitura.santarosa.rs.gov.br\/index.php?rest_route=\/wp\/v2\/media\/11032"}],"wp:attachment":[{"href":"https:\/\/prefeitura.santarosa.rs.gov.br\/index.php?rest_route=%2Fwp%2Fv2%2Fmedia&parent=11030"}],"wp:term":[{"taxonomy":"category","embeddable":true,"href":"https:\/\/prefeitura.santarosa.rs.gov.br\/index.php?rest_route=%2Fwp%2Fv2%2Fcategories&post=11030"},{"taxonomy":"post_tag","embeddable":true,"href":"https:\/\/prefeitura.santarosa.rs.gov.br\/index.php?rest_route=%2Fwp%2Fv2%2Ftags&post=11030"}],"curies":[{"name":"wp","href":"https:\/\/api.w.org\/{rel}","templated":true}]}}