{"id":10991,"date":"2024-10-11T13:58:06","date_gmt":"2024-10-11T16:58:06","guid":{"rendered":"https:\/\/prefeitura.santarosa.rs.gov.br\/?p=10991"},"modified":"2024-10-11T13:58:07","modified_gmt":"2024-10-11T16:58:07","slug":"departamento-de-turismo-de-santa-rosa-e-sebrae-promoveram-workshop-no-municipio","status":"publish","type":"post","link":"https:\/\/prefeitura.santarosa.rs.gov.br\/?p=10991","title":{"rendered":"<strong>Departamento de Turismo de Santa Rosa e Sebrae promoveram workshop no munic\u00edpio<\/strong>"},"content":{"rendered":"\n<figure class=\"wp-block-image size-full\"><img fetchpriority=\"high\" decoding=\"async\" width=\"860\" height=\"645\" src=\"https:\/\/prefeitura.santarosa.rs.gov.br\/wp-content\/uploads\/2024\/10\/Formato-Site-e-Portal-860X645-JPG-2024-10-11T104102.051.jpg\" alt=\"\" class=\"wp-image-10992\" srcset=\"https:\/\/prefeitura.santarosa.rs.gov.br\/wp-content\/uploads\/2024\/10\/Formato-Site-e-Portal-860X645-JPG-2024-10-11T104102.051.jpg 860w, https:\/\/prefeitura.santarosa.rs.gov.br\/wp-content\/uploads\/2024\/10\/Formato-Site-e-Portal-860X645-JPG-2024-10-11T104102.051-300x225.jpg 300w, https:\/\/prefeitura.santarosa.rs.gov.br\/wp-content\/uploads\/2024\/10\/Formato-Site-e-Portal-860X645-JPG-2024-10-11T104102.051-768x576.jpg 768w\" sizes=\"(max-width: 860px) 100vw, 860px\" \/><\/figure>\n\n\n\n<p>Nesta semana, a Prefeitura atrav\u00e9s do Departamento de Turismo, da Secretaria de Desenvolvimento Econ\u00f4mico, Turismo e Tecnologia, promoveu em parceria com o Sebrae, o Workshop Pr\u00e9-Miss\u00e3o Serra Ga\u00facha. A a\u00e7\u00e3o aconteceu no Parque de Exposi\u00e7\u00f5es Alfredo Leandro Carlson. Participaram do encontro, empreendimentos tur\u00edsticos de Santa Rosa, que fazem parte da formata\u00e7\u00e3o do Roteiro Tur\u00edstico da cidade e que ir\u00e3o participar de uma visita t\u00e9cnica na Serra Ga\u00facha.<\/p>\n\n\n\n<p>Na oportunidade, o consultor do Sebrae, Jankel Dal\u2019osto, que ir\u00e1 guiar a visita, apresentou aos participantes a programa\u00e7\u00e3o e o roteiro que ser\u00e1 realizado. O Gerente de Fomento Tur\u00edstico de Santa Rosa, Paulo Robertho Coelho, destacou que a miss\u00e3o ser\u00e1 uma grande oportunidade para conhecer as tend\u00eancias, posicionamento de mercado e trocar experi\u00eancias sobre a \u00e1rea, \u201cEstamos animados com mais este passo que ir\u00e1 auxiliar na formata\u00e7\u00e3o do Roteiro Tur\u00edstico do munic\u00edpio e a implementar a\u00e7\u00f5es que fomentem ainda mais, o turismo em Santa Rosa\u201d.<\/p>\n\n\n\n<p>Durante a miss\u00e3o, os participantes ir\u00e3o visitar as cidades de Nova Petr\u00f3polis, Gramado e Canela, refer\u00eancias na \u00e1rea do turismo. A viagem est\u00e1 programada para o per\u00edodo de 5 a 9 de novembro.<\/p>\n","protected":false},"excerpt":{"rendered":"<p>Nesta semana, a Prefeitura atrav\u00e9s do Departamento de Turismo, da Secretaria de Desenvolvimento Econ\u00f4mico, Turismo e Tecnologia, promoveu em parceria<\/p>\n","protected":false},"author":6,"featured_media":10993,"comment_status":"closed","ping_status":"closed","sticky":false,"template":"","format":"standard","meta":{"footnotes":""},"categories":[4,16],"tags":[],"class_list":["post-10991","post","type-post","status-publish","format-standard","has-post-thumbnail","hentry","category-noticias","category-secretaria-municipal-de-desenvolvimento-economico-turismo-e-tecnologia"],"aioseo_notices":[],"_links":{"self":[{"href":"https:\/\/prefeitura.santarosa.rs.gov.br\/index.php?rest_route=\/wp\/v2\/posts\/10991","targetHints":{"allow":["GET"]}}],"collection":[{"href":"https:\/\/prefeitura.santarosa.rs.gov.br\/index.php?rest_route=\/wp\/v2\/posts"}],"about":[{"href":"https:\/\/prefeitura.santarosa.rs.gov.br\/index.php?rest_route=\/wp\/v2\/types\/post"}],"author":[{"embeddable":true,"href":"https:\/\/prefeitura.santarosa.rs.gov.br\/index.php?rest_route=\/wp\/v2\/users\/6"}],"replies":[{"embeddable":true,"href":"https:\/\/prefeitura.santarosa.rs.gov.br\/index.php?rest_route=%2Fwp%2Fv2%2Fcomments&post=10991"}],"version-history":[{"count":1,"href":"https:\/\/prefeitura.santarosa.rs.gov.br\/index.php?rest_route=\/wp\/v2\/posts\/10991\/revisions"}],"predecessor-version":[{"id":10994,"href":"https:\/\/prefeitura.santarosa.rs.gov.br\/index.php?rest_route=\/wp\/v2\/posts\/10991\/revisions\/10994"}],"wp:featuredmedia":[{"embeddable":true,"href":"https:\/\/prefeitura.santarosa.rs.gov.br\/index.php?rest_route=\/wp\/v2\/media\/10993"}],"wp:attachment":[{"href":"https:\/\/prefeitura.santarosa.rs.gov.br\/index.php?rest_route=%2Fwp%2Fv2%2Fmedia&parent=10991"}],"wp:term":[{"taxonomy":"category","embeddable":true,"href":"https:\/\/prefeitura.santarosa.rs.gov.br\/index.php?rest_route=%2Fwp%2Fv2%2Fcategories&post=10991"},{"taxonomy":"post_tag","embeddable":true,"href":"https:\/\/prefeitura.santarosa.rs.gov.br\/index.php?rest_route=%2Fwp%2Fv2%2Ftags&post=10991"}],"curies":[{"name":"wp","href":"https:\/\/api.w.org\/{rel}","templated":true}]}}