{"id":10987,"date":"2024-10-10T16:17:27","date_gmt":"2024-10-10T19:17:27","guid":{"rendered":"https:\/\/prefeitura.santarosa.rs.gov.br\/?p=10987"},"modified":"2024-10-10T16:17:28","modified_gmt":"2024-10-10T19:17:28","slug":"mais-de-r-420-mil-sao-investidos-no-bairro-central","status":"publish","type":"post","link":"https:\/\/prefeitura.santarosa.rs.gov.br\/?p=10987","title":{"rendered":"<strong>Mais de R$ 420 mil s\u00e3o investidos no bairro Central<\/strong>"},"content":{"rendered":"\n<figure class=\"wp-block-image size-full\"><img fetchpriority=\"high\" decoding=\"async\" width=\"860\" height=\"645\" src=\"https:\/\/prefeitura.santarosa.rs.gov.br\/wp-content\/uploads\/2024\/10\/Formato-Site-e-Portal-860X645-JPG-2024-10-10T160530.141.jpg\" alt=\"\" class=\"wp-image-10988\" srcset=\"https:\/\/prefeitura.santarosa.rs.gov.br\/wp-content\/uploads\/2024\/10\/Formato-Site-e-Portal-860X645-JPG-2024-10-10T160530.141.jpg 860w, https:\/\/prefeitura.santarosa.rs.gov.br\/wp-content\/uploads\/2024\/10\/Formato-Site-e-Portal-860X645-JPG-2024-10-10T160530.141-300x225.jpg 300w, https:\/\/prefeitura.santarosa.rs.gov.br\/wp-content\/uploads\/2024\/10\/Formato-Site-e-Portal-860X645-JPG-2024-10-10T160530.141-768x576.jpg 768w\" sizes=\"(max-width: 860px) 100vw, 860px\" \/><\/figure>\n\n\n\n<p>Duas importantes vias do bairro Central foram contempladas com obras de pavimenta\u00e7\u00e3o asf\u00e1ltica. As melhorias aconteceram na Rua Rodolfo Schadeck e Rua Francisco Meinerz, em uma \u00e1rea de 3.388,21 metros quadrados. O projeto est\u00e1 na fase final de execu\u00e7\u00e3o, 90% conclu\u00eddo. Mais de R$ 420 mil foram investidos no local.<\/p>\n\n\n\n<p>As equipes trabalham no momento na sinaliza\u00e7\u00e3o e execu\u00e7\u00e3o das rampas de acessibilidade. O Prefeito Anderson Mantei, destaca que as melhorias seguem por toda a cidade e interior, \u201cEstamos levando o asfalto para todo o munic\u00edpio, melhorando a infraestrutura dos nossos bairros e auxiliando na mobilidade urbana\u201d.<\/p>\n\n\n\n<p>Al\u00e9m da pavimenta\u00e7\u00e3o asf\u00e1ltica, foram realizados tamb\u00e9m, os servi\u00e7os complementares de execu\u00e7\u00e3o de sarjeta de concreto e rede de drenagem.<\/p>\n","protected":false},"excerpt":{"rendered":"<p>Duas importantes vias do bairro Central foram contempladas com obras de pavimenta\u00e7\u00e3o asf\u00e1ltica. As melhorias aconteceram na Rua Rodolfo Schadeck<\/p>\n","protected":false},"author":6,"featured_media":10989,"comment_status":"closed","ping_status":"closed","sticky":false,"template":"","format":"standard","meta":{"footnotes":""},"categories":[4,22],"tags":[],"class_list":["post-10987","post","type-post","status-publish","format-standard","has-post-thumbnail","hentry","category-noticias","category-secretaria-municipal-de-planejamento-e-habitacao"],"aioseo_notices":[],"_links":{"self":[{"href":"https:\/\/prefeitura.santarosa.rs.gov.br\/index.php?rest_route=\/wp\/v2\/posts\/10987","targetHints":{"allow":["GET"]}}],"collection":[{"href":"https:\/\/prefeitura.santarosa.rs.gov.br\/index.php?rest_route=\/wp\/v2\/posts"}],"about":[{"href":"https:\/\/prefeitura.santarosa.rs.gov.br\/index.php?rest_route=\/wp\/v2\/types\/post"}],"author":[{"embeddable":true,"href":"https:\/\/prefeitura.santarosa.rs.gov.br\/index.php?rest_route=\/wp\/v2\/users\/6"}],"replies":[{"embeddable":true,"href":"https:\/\/prefeitura.santarosa.rs.gov.br\/index.php?rest_route=%2Fwp%2Fv2%2Fcomments&post=10987"}],"version-history":[{"count":1,"href":"https:\/\/prefeitura.santarosa.rs.gov.br\/index.php?rest_route=\/wp\/v2\/posts\/10987\/revisions"}],"predecessor-version":[{"id":10990,"href":"https:\/\/prefeitura.santarosa.rs.gov.br\/index.php?rest_route=\/wp\/v2\/posts\/10987\/revisions\/10990"}],"wp:featuredmedia":[{"embeddable":true,"href":"https:\/\/prefeitura.santarosa.rs.gov.br\/index.php?rest_route=\/wp\/v2\/media\/10989"}],"wp:attachment":[{"href":"https:\/\/prefeitura.santarosa.rs.gov.br\/index.php?rest_route=%2Fwp%2Fv2%2Fmedia&parent=10987"}],"wp:term":[{"taxonomy":"category","embeddable":true,"href":"https:\/\/prefeitura.santarosa.rs.gov.br\/index.php?rest_route=%2Fwp%2Fv2%2Fcategories&post=10987"},{"taxonomy":"post_tag","embeddable":true,"href":"https:\/\/prefeitura.santarosa.rs.gov.br\/index.php?rest_route=%2Fwp%2Fv2%2Ftags&post=10987"}],"curies":[{"name":"wp","href":"https:\/\/api.w.org\/{rel}","templated":true}]}}