{"id":10977,"date":"2024-10-10T15:54:30","date_gmt":"2024-10-10T18:54:30","guid":{"rendered":"https:\/\/prefeitura.santarosa.rs.gov.br\/?p=10977"},"modified":"2024-10-10T16:01:03","modified_gmt":"2024-10-10T19:01:03","slug":"escolas-municipais-realizam-atividades-diferenciadas-na-semana-da-crianca","status":"publish","type":"post","link":"https:\/\/prefeitura.santarosa.rs.gov.br\/?p=10977","title":{"rendered":"<strong>Escolas municipais realizam atividades diferenciadas na Semana da Crian\u00e7a<\/strong>"},"content":{"rendered":"\n<figure class=\"wp-block-image size-full\"><img fetchpriority=\"high\" decoding=\"async\" width=\"860\" height=\"645\" src=\"https:\/\/prefeitura.santarosa.rs.gov.br\/wp-content\/uploads\/2024\/10\/Formato-Site-e-Portal-860X645-JPG-2024-10-10T155231.760.jpg\" alt=\"\" class=\"wp-image-10978\" srcset=\"https:\/\/prefeitura.santarosa.rs.gov.br\/wp-content\/uploads\/2024\/10\/Formato-Site-e-Portal-860X645-JPG-2024-10-10T155231.760.jpg 860w, https:\/\/prefeitura.santarosa.rs.gov.br\/wp-content\/uploads\/2024\/10\/Formato-Site-e-Portal-860X645-JPG-2024-10-10T155231.760-300x225.jpg 300w, https:\/\/prefeitura.santarosa.rs.gov.br\/wp-content\/uploads\/2024\/10\/Formato-Site-e-Portal-860X645-JPG-2024-10-10T155231.760-768x576.jpg 768w\" sizes=\"(max-width: 860px) 100vw, 860px\" \/><\/figure>\n\n\n\n<p>Uma semana com muitas brincadeiras, passeios, desfiles de fantasias e divers\u00e3o. Alunos da Rede Municipal de Ensino de Santa Rosa est\u00e3o participando de uma programa\u00e7\u00e3o diferenciada em comemora\u00e7\u00e3o ao Dia das Crian\u00e7as. As 20 EMEIs &#8211; Escolas de Educa\u00e7\u00e3o Infantil e 14 EMEFs &#8211; Escolas de Ensino Fundamental, que atendem mais de 7 mil estudantes, est\u00e3o desenvolvendo ao longo desta semana, atividades especiais com os alunos. As atra\u00e7\u00f5es s\u00e3o as mais variadas, cinema com pipoca, brinquedos infl\u00e1veis, desfiles, dia da guloseima, pintura de rosto, cabelo maluco, lanche compartilhado, teatros, brincadeiras, jogos e conta\u00e7\u00f5es de hist\u00f3rias, s\u00e3o algumas das a\u00e7\u00f5es realizadas.<\/p>\n\n\n\n<p>A programa\u00e7\u00e3o foi definida por cada escola para festejar junto com os alunos. A Secret\u00e1ria de Educa\u00e7\u00e3o e Cultura, Josyane&nbsp;Heck, destaca&nbsp;que o que n\u00e3o faltou foi criatividade, divers\u00e3o, carinho e empenho dos profissionais da educa\u00e7\u00e3o que tiveram todo o apoio da Secretaria, \u201cEssa \u00e9 uma programa\u00e7\u00e3o muito especial e aguardada ansiosamente pelas crian\u00e7as. Contamos com o apoio das fam\u00edlias, o que \u00e9 fundamental para o sucesso das atividades. Al\u00e9m disso, temos excelentes profissionais em todas as unidades, professores, diretores e toda a equipe da educa\u00e7\u00e3o que se dedicam e buscam oferecer o melhor para os nossos alunos\u201d.<\/p>\n\n\n\n<p>Na sexta-feira (11), a programa\u00e7\u00e3o especial da Semana da Crian\u00e7a encerra com uma homenagem aos professores pelo Dia do Professor, comemorado no dia 15 de outubro.<\/p>\n\n\n\n<figure class=\"wp-block-gallery columns-3 is-cropped wp-block-gallery-1 is-layout-flex wp-block-gallery-is-layout-flex\"><ul class=\"blocks-gallery-grid\"><li class=\"blocks-gallery-item\"><figure><img decoding=\"async\" width=\"1024\" height=\"576\" src=\"https:\/\/prefeitura.santarosa.rs.gov.br\/wp-content\/uploads\/2024\/10\/WhatsApp-Image-2024-10-09-at-21.27.34-1024x576.jpeg\" alt=\"\" data-id=\"10981\" data-full-url=\"https:\/\/prefeitura.santarosa.rs.gov.br\/wp-content\/uploads\/2024\/10\/WhatsApp-Image-2024-10-09-at-21.27.34.jpeg\" data-link=\"https:\/\/prefeitura.santarosa.rs.gov.br\/?attachment_id=10981\" class=\"wp-image-10981\" srcset=\"https:\/\/prefeitura.santarosa.rs.gov.br\/wp-content\/uploads\/2024\/10\/WhatsApp-Image-2024-10-09-at-21.27.34-1024x576.jpeg 1024w, https:\/\/prefeitura.santarosa.rs.gov.br\/wp-content\/uploads\/2024\/10\/WhatsApp-Image-2024-10-09-at-21.27.34-300x169.jpeg 300w, https:\/\/prefeitura.santarosa.rs.gov.br\/wp-content\/uploads\/2024\/10\/WhatsApp-Image-2024-10-09-at-21.27.34-768x432.jpeg 768w, https:\/\/prefeitura.santarosa.rs.gov.br\/wp-content\/uploads\/2024\/10\/WhatsApp-Image-2024-10-09-at-21.27.34-1536x864.jpeg 1536w, https:\/\/prefeitura.santarosa.rs.gov.br\/wp-content\/uploads\/2024\/10\/WhatsApp-Image-2024-10-09-at-21.27.34.jpeg 1600w\" sizes=\"(max-width: 1024px) 100vw, 1024px\" \/><\/figure><\/li><li class=\"blocks-gallery-item\"><figure><img decoding=\"async\" width=\"1024\" height=\"472\" src=\"https:\/\/prefeitura.santarosa.rs.gov.br\/wp-content\/uploads\/2024\/10\/WhatsApp-Image-2024-10-09-at-15.32.42-1024x472.jpeg\" alt=\"\" data-id=\"10982\" data-full-url=\"https:\/\/prefeitura.santarosa.rs.gov.br\/wp-content\/uploads\/2024\/10\/WhatsApp-Image-2024-10-09-at-15.32.42.jpeg\" data-link=\"https:\/\/prefeitura.santarosa.rs.gov.br\/?attachment_id=10982\" class=\"wp-image-10982\" srcset=\"https:\/\/prefeitura.santarosa.rs.gov.br\/wp-content\/uploads\/2024\/10\/WhatsApp-Image-2024-10-09-at-15.32.42-1024x472.jpeg 1024w, https:\/\/prefeitura.santarosa.rs.gov.br\/wp-content\/uploads\/2024\/10\/WhatsApp-Image-2024-10-09-at-15.32.42-300x138.jpeg 300w, https:\/\/prefeitura.santarosa.rs.gov.br\/wp-content\/uploads\/2024\/10\/WhatsApp-Image-2024-10-09-at-15.32.42-768x354.jpeg 768w, https:\/\/prefeitura.santarosa.rs.gov.br\/wp-content\/uploads\/2024\/10\/WhatsApp-Image-2024-10-09-at-15.32.42-1536x708.jpeg 1536w, https:\/\/prefeitura.santarosa.rs.gov.br\/wp-content\/uploads\/2024\/10\/WhatsApp-Image-2024-10-09-at-15.32.42.jpeg 1600w\" sizes=\"(max-width: 1024px) 100vw, 1024px\" \/><\/figure><\/li><li class=\"blocks-gallery-item\"><figure><img loading=\"lazy\" decoding=\"async\" width=\"1024\" height=\"616\" src=\"https:\/\/prefeitura.santarosa.rs.gov.br\/wp-content\/uploads\/2024\/10\/WhatsApp-Image-2024-10-09-at-15.28.28-1024x616.jpeg\" alt=\"\" data-id=\"10983\" data-full-url=\"https:\/\/prefeitura.santarosa.rs.gov.br\/wp-content\/uploads\/2024\/10\/WhatsApp-Image-2024-10-09-at-15.28.28.jpeg\" data-link=\"https:\/\/prefeitura.santarosa.rs.gov.br\/?attachment_id=10983\" class=\"wp-image-10983\" srcset=\"https:\/\/prefeitura.santarosa.rs.gov.br\/wp-content\/uploads\/2024\/10\/WhatsApp-Image-2024-10-09-at-15.28.28-1024x616.jpeg 1024w, https:\/\/prefeitura.santarosa.rs.gov.br\/wp-content\/uploads\/2024\/10\/WhatsApp-Image-2024-10-09-at-15.28.28-300x180.jpeg 300w, https:\/\/prefeitura.santarosa.rs.gov.br\/wp-content\/uploads\/2024\/10\/WhatsApp-Image-2024-10-09-at-15.28.28-768x462.jpeg 768w, https:\/\/prefeitura.santarosa.rs.gov.br\/wp-content\/uploads\/2024\/10\/WhatsApp-Image-2024-10-09-at-15.28.28.jpeg 1280w\" sizes=\"(max-width: 1024px) 100vw, 1024px\" \/><\/figure><\/li><li class=\"blocks-gallery-item\"><figure><img loading=\"lazy\" decoding=\"async\" width=\"1024\" height=\"770\" src=\"https:\/\/prefeitura.santarosa.rs.gov.br\/wp-content\/uploads\/2024\/10\/WhatsApp-Image-2024-10-09-at-15.15.36-1024x770.jpeg\" alt=\"\" data-id=\"10984\" data-full-url=\"https:\/\/prefeitura.santarosa.rs.gov.br\/wp-content\/uploads\/2024\/10\/WhatsApp-Image-2024-10-09-at-15.15.36.jpeg\" data-link=\"https:\/\/prefeitura.santarosa.rs.gov.br\/?attachment_id=10984\" class=\"wp-image-10984\" srcset=\"https:\/\/prefeitura.santarosa.rs.gov.br\/wp-content\/uploads\/2024\/10\/WhatsApp-Image-2024-10-09-at-15.15.36-1024x770.jpeg 1024w, https:\/\/prefeitura.santarosa.rs.gov.br\/wp-content\/uploads\/2024\/10\/WhatsApp-Image-2024-10-09-at-15.15.36-300x226.jpeg 300w, https:\/\/prefeitura.santarosa.rs.gov.br\/wp-content\/uploads\/2024\/10\/WhatsApp-Image-2024-10-09-at-15.15.36-768x578.jpeg 768w, https:\/\/prefeitura.santarosa.rs.gov.br\/wp-content\/uploads\/2024\/10\/WhatsApp-Image-2024-10-09-at-15.15.36.jpeg 1280w\" sizes=\"(max-width: 1024px) 100vw, 1024px\" \/><\/figure><\/li><li class=\"blocks-gallery-item\"><figure><img loading=\"lazy\" decoding=\"async\" width=\"1024\" height=\"768\" src=\"https:\/\/prefeitura.santarosa.rs.gov.br\/wp-content\/uploads\/2024\/10\/WhatsApp-Image-2024-10-09-at-15.14.17-1024x768.jpeg\" alt=\"\" data-id=\"10985\" data-full-url=\"https:\/\/prefeitura.santarosa.rs.gov.br\/wp-content\/uploads\/2024\/10\/WhatsApp-Image-2024-10-09-at-15.14.17.jpeg\" data-link=\"https:\/\/prefeitura.santarosa.rs.gov.br\/?attachment_id=10985\" class=\"wp-image-10985\" srcset=\"https:\/\/prefeitura.santarosa.rs.gov.br\/wp-content\/uploads\/2024\/10\/WhatsApp-Image-2024-10-09-at-15.14.17-1024x768.jpeg 1024w, https:\/\/prefeitura.santarosa.rs.gov.br\/wp-content\/uploads\/2024\/10\/WhatsApp-Image-2024-10-09-at-15.14.17-300x225.jpeg 300w, https:\/\/prefeitura.santarosa.rs.gov.br\/wp-content\/uploads\/2024\/10\/WhatsApp-Image-2024-10-09-at-15.14.17-768x576.jpeg 768w, https:\/\/prefeitura.santarosa.rs.gov.br\/wp-content\/uploads\/2024\/10\/WhatsApp-Image-2024-10-09-at-15.14.17-1536x1152.jpeg 1536w, https:\/\/prefeitura.santarosa.rs.gov.br\/wp-content\/uploads\/2024\/10\/WhatsApp-Image-2024-10-09-at-15.14.17.jpeg 1600w\" sizes=\"(max-width: 1024px) 100vw, 1024px\" \/><\/figure><\/li><\/ul><\/figure>\n","protected":false},"excerpt":{"rendered":"<p>Uma semana com muitas brincadeiras, passeios, desfiles de fantasias e divers\u00e3o. Alunos da Rede Municipal de Ensino de Santa Rosa<\/p>\n","protected":false},"author":6,"featured_media":10979,"comment_status":"closed","ping_status":"closed","sticky":false,"template":"","format":"standard","meta":{"footnotes":""},"categories":[4,18],"tags":[],"class_list":["post-10977","post","type-post","status-publish","format-standard","has-post-thumbnail","hentry","category-noticias","category-secretaria-municipal-de-educacao-e-cultura"],"aioseo_notices":[],"_links":{"self":[{"href":"https:\/\/prefeitura.santarosa.rs.gov.br\/index.php?rest_route=\/wp\/v2\/posts\/10977","targetHints":{"allow":["GET"]}}],"collection":[{"href":"https:\/\/prefeitura.santarosa.rs.gov.br\/index.php?rest_route=\/wp\/v2\/posts"}],"about":[{"href":"https:\/\/prefeitura.santarosa.rs.gov.br\/index.php?rest_route=\/wp\/v2\/types\/post"}],"author":[{"embeddable":true,"href":"https:\/\/prefeitura.santarosa.rs.gov.br\/index.php?rest_route=\/wp\/v2\/users\/6"}],"replies":[{"embeddable":true,"href":"https:\/\/prefeitura.santarosa.rs.gov.br\/index.php?rest_route=%2Fwp%2Fv2%2Fcomments&post=10977"}],"version-history":[{"count":2,"href":"https:\/\/prefeitura.santarosa.rs.gov.br\/index.php?rest_route=\/wp\/v2\/posts\/10977\/revisions"}],"predecessor-version":[{"id":10986,"href":"https:\/\/prefeitura.santarosa.rs.gov.br\/index.php?rest_route=\/wp\/v2\/posts\/10977\/revisions\/10986"}],"wp:featuredmedia":[{"embeddable":true,"href":"https:\/\/prefeitura.santarosa.rs.gov.br\/index.php?rest_route=\/wp\/v2\/media\/10979"}],"wp:attachment":[{"href":"https:\/\/prefeitura.santarosa.rs.gov.br\/index.php?rest_route=%2Fwp%2Fv2%2Fmedia&parent=10977"}],"wp:term":[{"taxonomy":"category","embeddable":true,"href":"https:\/\/prefeitura.santarosa.rs.gov.br\/index.php?rest_route=%2Fwp%2Fv2%2Fcategories&post=10977"},{"taxonomy":"post_tag","embeddable":true,"href":"https:\/\/prefeitura.santarosa.rs.gov.br\/index.php?rest_route=%2Fwp%2Fv2%2Ftags&post=10977"}],"curies":[{"name":"wp","href":"https:\/\/api.w.org\/{rel}","templated":true}]}}